{"id":24802,"date":"2023-04-13T01:36:31","date_gmt":"2023-04-13T01:36:31","guid":{"rendered":"http:\/\/lahora.mx\/?p=24802"},"modified":"2023-04-13T01:36:31","modified_gmt":"2023-04-13T01:36:31","slug":"11-alcaldes-se-reunen-con-titulares-del-sector-economico-del-gobierno-estatal","status":"publish","type":"post","link":"https:\/\/lahora.mx\/index.php\/2023\/04\/13\/11-alcaldes-se-reunen-con-titulares-del-sector-economico-del-gobierno-estatal\/","title":{"rendered":"11 alcaldes se re\u00fanen con titulares del sector econ\u00f3mico del gobierno estatal"},"content":{"rendered":"\n<p>El gobierno del estado, a trav\u00e9s de la Secretar\u00eda de Desarrollo Econ\u00f3mico (Sedeco), encabez\u00f3 reuni\u00f3n de trabajo entre dependencias de este sector y 11 alcaldes de la zona centro de la entidad para difundir planes, programas y acciones que ejecutan y as\u00ed dinamizar la econom\u00eda de la regi\u00f3n.<\/p>\n\n\n\n<p>Re\u00fane Sedeco a Titulares del Sector Econ\u00f3mico con alcaldes de la zona oriente del estado<br>El titular de la Sedeco, Javier Marroqu\u00edn Calder\u00f3n agradeci\u00f3 la respuesta positiva a la convocatoria y reiter\u00f3 que la instrucci\u00f3n de la mandataria estatal, Lorena Cu\u00e9llar Cisneros, es que todos los beneficios que brindan las secretar\u00edas de su administraci\u00f3n se conozcan en toda la entidad y favorezcan a la poblaci\u00f3n.<\/p>\n\n\n\n<p>El titular de la Secretar\u00eda del Trabajo y Competitividad, No\u00e9 Altamirano Islas aplaudi\u00f3 la oportunidad de establecer una coordinaci\u00f3n interinstitucional. Cortes\u00eda | Gobierno El Sol de Tlaxcala<\/p>\n\n\n\n<p>Durante el encuentro, el titular de la Secretar\u00eda del Trabajo y Competitividad (STyC), No\u00e9 Altamirano Islas aplaudi\u00f3 la oportunidad de establecer una coordinaci\u00f3n interinstitucional entre el gobierno estatal y los municipios para impactar de manera positiva a favor de las y los tlaxcaltecas.<\/p>\n\n\n\n<p>Presenta Sedeco convocatoria del Premio Tlaxcala a la Competitividad 2023<br>De esta manera, contin\u00faan las reuniones que garantizar\u00e1n un trabajo conjunto que permitir\u00e1 obtener resultados positivos en materia de desarrollo econ\u00f3mico, empleo, capacitaci\u00f3n y promoci\u00f3n de todas las regiones de la entidad.<\/p>\n\n\n\n<p>Al evento asistieron los secretarios de Turismo (Secture), Josefina Rodr\u00edguez Zamora, de Impulso Agropecuario (SIA), Rafael de la Pe\u00f1a Bernal; el gerente general del Fideicomiso de Ciudad Industrial Xicoht\u00e9ncatl (Fidecix), Humberto Mac\u00edas Romero; los directores de Casa de Artesan\u00edas, Sa\u00fal P\u00e9rez Bravo; del Fondo Macro para el Desarrollo Integral de Tlaxcala (Fomtlax), Javier Rivera Bonilla; del Instituto de Capacitaci\u00f3n para el Trabajo del Estado de Tlaxcala (Icatlax), Juan Manuel Lemus P\u00e9rez y del Instituto Tlaxcalteca de Desarrollo Taurino (ITDT), Jos\u00e9 Luis Angelino Arriaga.<\/p>\n\n\n\n<p>Adem\u00e1s, los alcaldes de Apizaco, Pablo Badillo S\u00e1nchez; de Cuaxomulco, Miguel \u00c1ngel Neria Carre\u00f1o; de Mu\u00f1oz de Domingo Arenas, H\u00e9ctor Prisco Fern\u00e1ndez; de San Lucas Tecopilco, Abir\u00e1n Misael B\u00e1ez P\u00e9rez; de Santa Cruz Tlaxcala, David Mart\u00ednez de Razo; de Tetla de la Solidaridad, Andr\u00e9s Ram\u00edrez Galicia; de Tocatl\u00e1n, Quirino Torres Hern\u00e1ndez; de Tzompantepec, Manuel Ramos Montiel; de Xaloztoc, Jos\u00e9 Rafael Coca V\u00e1zquez; de Xaltocan, Jos\u00e9 Luis Hern\u00e1ndez V\u00e1zquez y de Yauhquemehcan, Mar\u00eda Anita Chamorro.<\/p>\n\n\n\n<p>En el recorrido estuvo el presidente municipal de Calpulalpan, Edgar Pe\u00f1a N\u00e1jera y la presidenta del Sistema Municipal DIF, Claudia Pe\u00f1a N\u00e1jera, as\u00ed como personal del ayuntamiento.<\/p>\n","protected":false},"excerpt":{"rendered":"<p>El gobierno del estado, a trav\u00e9s de la Secretar\u00eda de Desarrollo Econ\u00f3mico (Sedeco), encabez\u00f3 reuni\u00f3n de trabajo entre dependencias de este sector y 11 alcaldes de la zona centro de la entidad para difundir planes, programas y acciones que ejecutan y as\u00ed dinamizar la econom\u00eda de la regi\u00f3n. Re\u00fane Sedeco a Titulares del Sector Econ\u00f3mico [&hellip;]<\/p>\n","protected":false},"author":4,"featured_media":24803,"comment_status":"open","ping_status":"open","sticky":false,"template":"","format":"standard","meta":{"om_disable_all_campaigns":false,"_monsterinsights_skip_tracking":false,"_monsterinsights_sitenote_active":false,"_monsterinsights_sitenote_note":"","_monsterinsights_sitenote_category":0,"footnotes":""},"categories":[175],"tags":[223,210],"class_list":["post-24802","post","type-post","status-publish","format-standard","has-post-thumbnail","hentry","category-local","tag-puebla","tag-tlaxcala"],"amp_enabled":true,"_links":{"self":[{"href":"https:\/\/lahora.mx\/index.php\/wp-json\/wp\/v2\/posts\/24802","targetHints":{"allow":["GET"]}}],"collection":[{"href":"https:\/\/lahora.mx\/index.php\/wp-json\/wp\/v2\/posts"}],"about":[{"href":"https:\/\/lahora.mx\/index.php\/wp-json\/wp\/v2\/types\/post"}],"author":[{"embeddable":true,"href":"https:\/\/lahora.mx\/index.php\/wp-json\/wp\/v2\/users\/4"}],"replies":[{"embeddable":true,"href":"https:\/\/lahora.mx\/index.php\/wp-json\/wp\/v2\/comments?post=24802"}],"version-history":[{"count":1,"href":"https:\/\/lahora.mx\/index.php\/wp-json\/wp\/v2\/posts\/24802\/revisions"}],"predecessor-version":[{"id":24804,"href":"https:\/\/lahora.mx\/index.php\/wp-json\/wp\/v2\/posts\/24802\/revisions\/24804"}],"wp:featuredmedia":[{"embeddable":true,"href":"https:\/\/lahora.mx\/index.php\/wp-json\/wp\/v2\/media\/24803"}],"wp:attachment":[{"href":"https:\/\/lahora.mx\/index.php\/wp-json\/wp\/v2\/media?parent=24802"}],"wp:term":[{"taxonomy":"category","embeddable":true,"href":"https:\/\/lahora.mx\/index.php\/wp-json\/wp\/v2\/categories?post=24802"},{"taxonomy":"post_tag","embeddable":true,"href":"https:\/\/lahora.mx\/index.php\/wp-json\/wp\/v2\/tags?post=24802"}],"curies":[{"name":"wp","href":"https:\/\/api.w.org\/{rel}","templated":true}]}}