{"id":24799,"date":"2023-04-13T01:31:57","date_gmt":"2023-04-13T01:31:57","guid":{"rendered":"http:\/\/lahora.mx\/?p=24799"},"modified":"2023-04-13T01:31:58","modified_gmt":"2023-04-13T01:31:58","slug":"tras-robo-de-hummer-y-secuestro-fge-investigara-a-4-policias-de-puebla","status":"publish","type":"post","link":"https:\/\/lahora.mx\/index.php\/2023\/04\/13\/tras-robo-de-hummer-y-secuestro-fge-investigara-a-4-policias-de-puebla\/","title":{"rendered":"Tras robo de Hummer y secuestro FGE investigara a 4 polic\u00edas de Puebla"},"content":{"rendered":"\n<p>Al menos cuatro polic\u00edas estatales de Puebla son investigados por su presunta participaci\u00f3n en el robo armado de una camioneta marca Hummer el pasado viernes 7 de abril sobre el Perif\u00e9rico Ecol\u00f3gico.<\/p>\n\n\n\n<p>La llamada de auxilio se recibi\u00f3 ese mismo d\u00eda, explic\u00f3 el titular de la Secretar\u00eda de Seguridad P\u00fablica del estado de Puebla, Daniel Iv\u00e1n Cruz Luna, en la que se report\u00f3 el despojo de una camioneta por parte de supuestos agentes policiacos.<br>Lo anterior, adem\u00e1s de haber privado il\u00edcitamente de la libertad a los dos ocupantes de la camioneta, incluso los presuntos polic\u00edas estatales de Puebla afirmaron a sus v\u00edctimas que la patrulla involucrada se encontraba adscrita al Sector 5 de la Zona Metropolitana de Puebla.<\/p>\n\n\n\n<p>Por lo que agreg\u00f3 que desde que se conoci\u00f3 el hecho, la dependencia lo remiti\u00f3 ante el \u00e1rea de Asuntos Internos para el correspondiente esclarecimiento, as\u00ed como el acompa\u00f1amiento a las v\u00edctimas.<\/p>\n\n\n\n<p>Versiones indican que las v\u00edctimas habr\u00edan acordado la venta de la camioneta, por lo cual surgi\u00f3 una cita en inmediaciones de Lomas de San Alfonso, a la cual llegaron al menos tres personas.<\/p>\n\n\n\n<p>Una vez estando las dos v\u00edctimas y los tres supuestos compradores a bordo del veh\u00edculo para poder ser probado, una patrulla les dio alcance metros adelante sobre el Perif\u00e9rico Ecol\u00f3gico.<\/p>\n\n\n\n<p>De ah\u00ed descendi\u00f3 un supuesto polic\u00eda estatal de Puebla qui\u00e9n le exigi\u00f3 los documentos de la camioneta.<\/p>\n\n\n\n<p>Al negarse las dos v\u00edctimas, sorpresivamente los supuestos compradores los amagaron con armas, advirtiendo que pertenec\u00edan a la Secretar\u00eda de Seguridad Ciudadana.<\/p>\n\n\n\n<p>Los tres implicados y el uniformado, habr\u00edan retenido a las v\u00edctimas, uno en la Hummer y otro en la patrulla, para exigir que sus familiares entregaran una suma de dinero.<\/p>\n\n\n\n<p>Luego de algunas horas y despu\u00e9s de varias vueltas, los familiares no alcanzaron a juntar la suma de dinero, por lo que fueron bajados de los veh\u00edculos y abandonados cerca del residencial Las Haras, llev\u00e1ndose la Hummer.<\/p>\n\n\n\n<p>Desde ah\u00ed fue que los agraviados pudieron hacer el llamado de auxilio al que acudieron elementos de la Polic\u00eda Municipal y consecuentemente de la Polic\u00eda Estatal tras el se\u00f1alamiento de la presencia de la patrulla en el acto.<\/p>\n\n\n\n<p>Por el momento, indica Cruz Luna, es la Fiscal\u00eda General del Estado la dependencia que se encuentra investigando los hechos.<\/p>\n\n\n\n<p>Asegur\u00f3 que al encabezar la SSP en Puebla no se permitir\u00e1n actos il\u00edcitos que afecten a la ciudadan\u00eda poblana, perpetrados por servidores p\u00fablicos.<\/p>\n\n\n\n<p>Adem\u00e1s de que la dependencia se encuentra en disposici\u00f3n de aportar todos los datos correspondientes ante la FGE para las investigaciones correspondientes en torno a los cuatro polic\u00edas estatales de Puebla acusados de robo a mano armada y secuestro.<\/p>\n","protected":false},"excerpt":{"rendered":"<p>Al menos cuatro polic\u00edas estatales de Puebla son investigados por su presunta participaci\u00f3n en el robo armado de una camioneta marca Hummer el pasado viernes 7 de abril sobre el Perif\u00e9rico Ecol\u00f3gico. La llamada de auxilio se recibi\u00f3 ese mismo d\u00eda, explic\u00f3 el titular de la Secretar\u00eda de Seguridad P\u00fablica del estado de Puebla, Daniel [&hellip;]<\/p>\n","protected":false},"author":4,"featured_media":24800,"comment_status":"open","ping_status":"open","sticky":false,"template":"","format":"standard","meta":{"om_disable_all_campaigns":false,"_monsterinsights_skip_tracking":false,"_monsterinsights_sitenote_active":false,"_monsterinsights_sitenote_note":"","_monsterinsights_sitenote_category":0,"footnotes":""},"categories":[175],"tags":[223],"class_list":["post-24799","post","type-post","status-publish","format-standard","has-post-thumbnail","hentry","category-local","tag-puebla"],"amp_enabled":true,"_links":{"self":[{"href":"https:\/\/lahora.mx\/index.php\/wp-json\/wp\/v2\/posts\/24799","targetHints":{"allow":["GET"]}}],"collection":[{"href":"https:\/\/lahora.mx\/index.php\/wp-json\/wp\/v2\/posts"}],"about":[{"href":"https:\/\/lahora.mx\/index.php\/wp-json\/wp\/v2\/types\/post"}],"author":[{"embeddable":true,"href":"https:\/\/lahora.mx\/index.php\/wp-json\/wp\/v2\/users\/4"}],"replies":[{"embeddable":true,"href":"https:\/\/lahora.mx\/index.php\/wp-json\/wp\/v2\/comments?post=24799"}],"version-history":[{"count":1,"href":"https:\/\/lahora.mx\/index.php\/wp-json\/wp\/v2\/posts\/24799\/revisions"}],"predecessor-version":[{"id":24801,"href":"https:\/\/lahora.mx\/index.php\/wp-json\/wp\/v2\/posts\/24799\/revisions\/24801"}],"wp:featuredmedia":[{"embeddable":true,"href":"https:\/\/lahora.mx\/index.php\/wp-json\/wp\/v2\/media\/24800"}],"wp:attachment":[{"href":"https:\/\/lahora.mx\/index.php\/wp-json\/wp\/v2\/media?parent=24799"}],"wp:term":[{"taxonomy":"category","embeddable":true,"href":"https:\/\/lahora.mx\/index.php\/wp-json\/wp\/v2\/categories?post=24799"},{"taxonomy":"post_tag","embeddable":true,"href":"https:\/\/lahora.mx\/index.php\/wp-json\/wp\/v2\/tags?post=24799"}],"curies":[{"name":"wp","href":"https:\/\/api.w.org\/{rel}","templated":true}]}}