{"id":24796,"date":"2023-04-13T01:27:54","date_gmt":"2023-04-13T01:27:54","guid":{"rendered":"http:\/\/lahora.mx\/?p=24796"},"modified":"2023-04-13T01:27:55","modified_gmt":"2023-04-13T01:27:55","slug":"francisco-garduno-permanecera-en-inm-hasta-que-haya-resolucion-judicial-que-lo-inhabilite","status":"publish","type":"post","link":"https:\/\/lahora.mx\/index.php\/2023\/04\/13\/francisco-garduno-permanecera-en-inm-hasta-que-haya-resolucion-judicial-que-lo-inhabilite\/","title":{"rendered":"Francisco Gardu\u00f1o permanecer\u00e1 en INM hasta que haya resoluci\u00f3n judicial que lo inhabilite"},"content":{"rendered":"\n<p class=\"wp-block-paragraph\">El Secretario de Gobernaci\u00f3n, Ad\u00e1n Augusto L\u00f3pez, inform\u00f3 que el titular del Instituto Nacional de Migraci\u00f3n, Francisco Gardu\u00f1o continuar\u00e1 en su cargo hasta que no exista una resoluci\u00f3n judicial que lo inhabilite.<\/p>\n\n\n\n<p class=\"wp-block-paragraph\">\u201cEn tanto no haya una disposici\u00f3n legal que lo inhabilite o que lo sujete a un proceso, bueno \u00e9l va a esperar el resultado de esas investigaciones\u201d, dijo en rueda de prensa despu\u00e9s de una reuni\u00f3n con senadores de Morena y sus aliados.<\/p>\n\n\n\n<p class=\"wp-block-paragraph\">Incluso, revel\u00f3 que mantiene comunicaci\u00f3n con Francisco Gardu\u00f1o quien le reporta el estado que guardan las estaciones migratorias en particular la de Ciudad Ju\u00e1rez, Chihuahua, en donde el pasado 27 de marzo, 40 migrantes perdieron la vida como consecuencia de un incendio en las instalaciones.<\/p>\n\n\n\n<p class=\"wp-block-paragraph\">\u201cYo mantengo comunicaci\u00f3n permanente con pr\u00e1cticamente todos los funcionarios del gobierno federal, incluido Francisco Gardu\u00f1o, hoy en la ma\u00f1ana me comparti\u00f3 un reporte de la situaci\u00f3n de Ciudad Ju\u00e1rez como lo hace todas las ma\u00f1anas\u201d.<\/p>\n\n\n\n<p class=\"wp-block-paragraph\">\u201cTodos los funcionarios p\u00fablicos, incluidos los de la FGR, est\u00e1n obligados a la secretaria\u201d por lo que pidi\u00f3 esperar las investigaciones.<br>A pregunta expresa sobre si el caso s\u00f3lo debe quedar hasta el nivel del titular del INM o debe ir a funcionarios de m\u00e1s nivel, indic\u00f3 que el monopolio de la investigaci\u00f3n lo tiene la FGR, por lo que dijo que esperar\u00e1 a que hagan su trabajo determine responsabilidades \u201cy en todo caso si hay responsabilidades que ejerzan sus atribuciones\u201d.<\/p>\n\n\n\n<p class=\"wp-block-paragraph\">Durante la reuni\u00f3n de los legisladores con el funcionario federal, la vicecoordinadora de la bancada del PAN, Kenia L\u00f3pez Rabad\u00e1n con carteles en mano exigi\u00f3 a Ad\u00e1n Augusto L\u00f3pez \u201cdar la cara\u201d y responder a la soberan\u00eda parlamentaria por el incendio de la estaci\u00f3n migratoria de Ciudad Ju\u00e1rez.<\/p>\n\n\n\n<p class=\"wp-block-paragraph\">\u201cVenimos a decirle al Secretario de Gobernaci\u00f3n \u00a1Da la cara! Exigimos una comparecencia p\u00fablica, exigimos una comparecencia en donde las mujeres y los hombres de este pa\u00eds puedan saber qu\u00e9 est\u00e1 pasando\u201d<\/p>\n\n\n\n<p class=\"wp-block-paragraph\">El titular de Gobernaci\u00f3n, respondi\u00f3 que con \u201cmucho gusto\u201d comparecer\u00e1 ante el pleno de la C\u00e1mara Alta si as\u00ed lo decide la mayor\u00eda parlamentaria, adem\u00e1s extendi\u00f3 una invitaci\u00f3n a la legisladora de Acci\u00f3n Nacional.<\/p>\n","protected":false},"excerpt":{"rendered":"<p>El Secretario de Gobernaci\u00f3n, Ad\u00e1n Augusto L\u00f3pez, inform\u00f3 que el titular del Instituto Nacional de Migraci\u00f3n, Francisco Gardu\u00f1o continuar\u00e1 en su cargo hasta que no exista una resoluci\u00f3n judicial que lo inhabilite. \u201cEn tanto no haya una disposici\u00f3n legal que lo inhabilite o que lo sujete a un proceso, bueno \u00e9l va a esperar el [&hellip;]<\/p>\n","protected":false},"author":4,"featured_media":24797,"comment_status":"open","ping_status":"open","sticky":false,"template":"","format":"standard","meta":{"om_disable_all_campaigns":false,"_monsterinsights_skip_tracking":false,"footnotes":""},"categories":[176],"tags":[],"class_list":["post-24796","post","type-post","status-publish","format-standard","has-post-thumbnail","hentry","category-nacional"],"amp_enabled":true,"_links":{"self":[{"href":"https:\/\/lahora.mx\/index.php\/wp-json\/wp\/v2\/posts\/24796","targetHints":{"allow":["GET"]}}],"collection":[{"href":"https:\/\/lahora.mx\/index.php\/wp-json\/wp\/v2\/posts"}],"about":[{"href":"https:\/\/lahora.mx\/index.php\/wp-json\/wp\/v2\/types\/post"}],"author":[{"embeddable":true,"href":"https:\/\/lahora.mx\/index.php\/wp-json\/wp\/v2\/users\/4"}],"replies":[{"embeddable":true,"href":"https:\/\/lahora.mx\/index.php\/wp-json\/wp\/v2\/comments?post=24796"}],"version-history":[{"count":1,"href":"https:\/\/lahora.mx\/index.php\/wp-json\/wp\/v2\/posts\/24796\/revisions"}],"predecessor-version":[{"id":24798,"href":"https:\/\/lahora.mx\/index.php\/wp-json\/wp\/v2\/posts\/24796\/revisions\/24798"}],"wp:featuredmedia":[{"embeddable":true,"href":"https:\/\/lahora.mx\/index.php\/wp-json\/wp\/v2\/media\/24797"}],"wp:attachment":[{"href":"https:\/\/lahora.mx\/index.php\/wp-json\/wp\/v2\/media?parent=24796"}],"wp:term":[{"taxonomy":"category","embeddable":true,"href":"https:\/\/lahora.mx\/index.php\/wp-json\/wp\/v2\/categories?post=24796"},{"taxonomy":"post_tag","embeddable":true,"href":"https:\/\/lahora.mx\/index.php\/wp-json\/wp\/v2\/tags?post=24796"}],"curies":[{"name":"wp","href":"https:\/\/api.w.org\/{rel}","templated":true}]}}