{"id":24790,"date":"2023-04-12T22:08:45","date_gmt":"2023-04-12T22:08:45","guid":{"rendered":"http:\/\/lahora.mx\/?p=24790"},"modified":"2023-04-12T22:08:46","modified_gmt":"2023-04-12T22:08:46","slug":"ssp-descarta-fuga-en-penal-de-san-miguel","status":"publish","type":"post","link":"https:\/\/lahora.mx\/index.php\/2023\/04\/12\/ssp-descarta-fuga-en-penal-de-san-miguel\/","title":{"rendered":"SSP descarta fuga en penal de San Miguel"},"content":{"rendered":"\n<p>El titular de la Secretar\u00eda de Seguridad P\u00fablica (SSP), Daniel Iv\u00e1n Cruz Luna descart\u00f3 el reporte de que haya ocurrido la fuga de un reo del penal de San Miguel, precis\u00f3 que el reo se qued\u00f3 \u00abprofundamente dormido\u00bb en un \u00e1rea del centro penitenciario y fue por ello que no se le encontr\u00f3 en su celda durante el pase de lista.<\/p>\n\n\n\n<p>Hoy en rueda de prensa llevada a cabo en las instalaciones del Complejo Metropolitano de Seguridad, Cruz Luna descart\u00f3 los rumores que se dieron desde anoche en diversos medios de comunicaci\u00f3n en los que se hablaba de la supuesta fuga de un reo del penal de San Miguel el cual pertenec\u00eda a los dormitorios A, pues supuestamente no estaba en su celda.<\/p>\n\n\n\n<p>Sin embargo, este rumor fue descartado por el titular de la dependencia de seguridad en donde revel\u00f3 que todo se trat\u00f3 de una confusi\u00f3n, aclar\u00f3 que, aunque el reo no estaba dentro de su dormitorio al realizarse el \u00faltimo pase de lista, \u00e9ste nunca sali\u00f3 del penal.<\/p>\n\n\n\n<p>Mencion\u00f3 que se despleg\u00f3 un operativo en la c\u00e1rcel, pero este se vio entorpecido por las condiciones clim\u00e1ticas, pues cay\u00f3 una fuerte lluvia por la noche, por ello los custodios tardaron en encontrar al reo, pero despu\u00e9s fue hallado profundamente dormido, en un \u00e1rea del penal.<\/p>\n","protected":false},"excerpt":{"rendered":"<p>El titular de la Secretar\u00eda de Seguridad P\u00fablica (SSP), Daniel Iv\u00e1n Cruz Luna descart\u00f3 el reporte de que haya ocurrido la fuga de un reo del penal de San Miguel, precis\u00f3 que el reo se qued\u00f3 \u00abprofundamente dormido\u00bb en un \u00e1rea del centro penitenciario y fue por ello que no se le encontr\u00f3 en su [&hellip;]<\/p>\n","protected":false},"author":4,"featured_media":24791,"comment_status":"open","ping_status":"open","sticky":false,"template":"","format":"standard","meta":{"om_disable_all_campaigns":false,"_monsterinsights_skip_tracking":false,"_monsterinsights_sitenote_active":false,"_monsterinsights_sitenote_note":"","_monsterinsights_sitenote_category":0,"footnotes":""},"categories":[175],"tags":[195,223],"class_list":["post-24790","post","type-post","status-publish","format-standard","has-post-thumbnail","hentry","category-local","tag-principal","tag-puebla"],"amp_enabled":true,"_links":{"self":[{"href":"https:\/\/lahora.mx\/index.php\/wp-json\/wp\/v2\/posts\/24790","targetHints":{"allow":["GET"]}}],"collection":[{"href":"https:\/\/lahora.mx\/index.php\/wp-json\/wp\/v2\/posts"}],"about":[{"href":"https:\/\/lahora.mx\/index.php\/wp-json\/wp\/v2\/types\/post"}],"author":[{"embeddable":true,"href":"https:\/\/lahora.mx\/index.php\/wp-json\/wp\/v2\/users\/4"}],"replies":[{"embeddable":true,"href":"https:\/\/lahora.mx\/index.php\/wp-json\/wp\/v2\/comments?post=24790"}],"version-history":[{"count":1,"href":"https:\/\/lahora.mx\/index.php\/wp-json\/wp\/v2\/posts\/24790\/revisions"}],"predecessor-version":[{"id":24792,"href":"https:\/\/lahora.mx\/index.php\/wp-json\/wp\/v2\/posts\/24790\/revisions\/24792"}],"wp:featuredmedia":[{"embeddable":true,"href":"https:\/\/lahora.mx\/index.php\/wp-json\/wp\/v2\/media\/24791"}],"wp:attachment":[{"href":"https:\/\/lahora.mx\/index.php\/wp-json\/wp\/v2\/media?parent=24790"}],"wp:term":[{"taxonomy":"category","embeddable":true,"href":"https:\/\/lahora.mx\/index.php\/wp-json\/wp\/v2\/categories?post=24790"},{"taxonomy":"post_tag","embeddable":true,"href":"https:\/\/lahora.mx\/index.php\/wp-json\/wp\/v2\/tags?post=24790"}],"curies":[{"name":"wp","href":"https:\/\/api.w.org\/{rel}","templated":true}]}}