{"id":24787,"date":"2023-04-12T22:02:39","date_gmt":"2023-04-12T22:02:39","guid":{"rendered":"http:\/\/lahora.mx\/?p=24787"},"modified":"2023-04-12T22:02:39","modified_gmt":"2023-04-12T22:02:39","slug":"sin-cabotaje-la-nueva-iniciativa-de-ley-de-aviacion-y-aeropuertos","status":"publish","type":"post","link":"https:\/\/lahora.mx\/index.php\/2023\/04\/12\/sin-cabotaje-la-nueva-iniciativa-de-ley-de-aviacion-y-aeropuertos\/","title":{"rendered":"Sin cabotaje la nueva Iniciativa de Ley de aviaci\u00f3n y aeropuertos"},"content":{"rendered":"\n<p class=\"wp-block-paragraph\">El presidente Andr\u00e9s Manuel L\u00f3pez Obrador inform\u00f3 este mi\u00e9rcoles que la iniciativa de Ley de Aviaci\u00f3n Civil y Aeropuertos ya no incluye el tema del cabotaje -permiso para que empresas extranjeras puedan hacer vuelos nacionales &#8211; por lo que manifest\u00f3 que quienes se opon\u00edan a esto ya lo pueden celebrar.<\/p>\n\n\n\n<p class=\"wp-block-paragraph\">\u201cVamos a esperar porque se est\u00e1 presentando la incitativa aunque se qued\u00f3 pendiente lo del cabotaje porque queremos verlo con m\u00e1s profundidad y estamos buscando un acuerdo con los trabajadores entonces lo que se envi\u00f3 o esta por enviarse de incitativa y no lleva lo del cabotaje.<\/p>\n\n\n\n<p class=\"wp-block-paragraph\">Pausa a cabotaje, para recobrar Categor\u00eda 1 de la Administraci\u00f3n Federal de Aviaci\u00f3n<br>El pasado 21 de marzo, se adelant\u00f3 que diputados de Morena alistan modificaciones a la iniciativa presidencial en materia de aviaci\u00f3n civil para eliminar el cabotaje, lo que permitir\u00eda generar consenso con los grupos parlamentarios de oposici\u00f3n. As\u00ed lo confirmaron l\u00edderes del partido guinda en San L\u00e1zaro en entrevistas con esta casa editorial.<br>La vicecoordinadora morenista Aleida Alavez explic\u00f3 que el objetivo primordial para su grupo parlamentario es recobrar la Categor\u00eda 1 de la Administraci\u00f3n Federal de Aviaci\u00f3n (FAA) de Estados Unidos, por lo que est\u00e1n dispuestos a modificar el proyecto. \u201cLo que m\u00e1s nos interesa es el tema de obtener la calificaci\u00f3n de los aeropuertos para subir de categor\u00eda, y estamos haciendo los acuerdos necesarios para lograrlo a la brevedad, aunque ello implique pausar el cabotaje\u201d, dijo.<\/p>\n\n\n\n<p class=\"wp-block-paragraph\">En el proyecto la bancada guinda tambi\u00e9n ha planteado que se mantenga la propuesta para crear una aerol\u00ednea administrada por el Estado. Leonel Godoy, otro vicecoordinador de Morena, reconoci\u00f3 que son muchas opiniones por parte de las aerol\u00edneas, el sindicato de pilotos y bancadas de oposici\u00f3n que sostienen que permitir que empresas extranjeras puedan hacer vuelos nacionales a trav\u00e9s del cabotaje resultar\u00e1 perjudicial para la industria mexicana.<\/p>\n","protected":false},"excerpt":{"rendered":"<p>El presidente Andr\u00e9s Manuel L\u00f3pez Obrador inform\u00f3 este mi\u00e9rcoles que la iniciativa de Ley de Aviaci\u00f3n Civil y Aeropuertos ya no incluye el tema del cabotaje -permiso para que empresas extranjeras puedan hacer vuelos nacionales &#8211; por lo que manifest\u00f3 que quienes se opon\u00edan a esto ya lo pueden celebrar. \u201cVamos a esperar porque se [&hellip;]<\/p>\n","protected":false},"author":4,"featured_media":24788,"comment_status":"open","ping_status":"open","sticky":false,"template":"","format":"standard","meta":{"om_disable_all_campaigns":false,"_monsterinsights_skip_tracking":false,"footnotes":""},"categories":[176],"tags":[],"class_list":["post-24787","post","type-post","status-publish","format-standard","has-post-thumbnail","hentry","category-nacional"],"amp_enabled":true,"_links":{"self":[{"href":"https:\/\/lahora.mx\/index.php\/wp-json\/wp\/v2\/posts\/24787","targetHints":{"allow":["GET"]}}],"collection":[{"href":"https:\/\/lahora.mx\/index.php\/wp-json\/wp\/v2\/posts"}],"about":[{"href":"https:\/\/lahora.mx\/index.php\/wp-json\/wp\/v2\/types\/post"}],"author":[{"embeddable":true,"href":"https:\/\/lahora.mx\/index.php\/wp-json\/wp\/v2\/users\/4"}],"replies":[{"embeddable":true,"href":"https:\/\/lahora.mx\/index.php\/wp-json\/wp\/v2\/comments?post=24787"}],"version-history":[{"count":1,"href":"https:\/\/lahora.mx\/index.php\/wp-json\/wp\/v2\/posts\/24787\/revisions"}],"predecessor-version":[{"id":24789,"href":"https:\/\/lahora.mx\/index.php\/wp-json\/wp\/v2\/posts\/24787\/revisions\/24789"}],"wp:featuredmedia":[{"embeddable":true,"href":"https:\/\/lahora.mx\/index.php\/wp-json\/wp\/v2\/media\/24788"}],"wp:attachment":[{"href":"https:\/\/lahora.mx\/index.php\/wp-json\/wp\/v2\/media?parent=24787"}],"wp:term":[{"taxonomy":"category","embeddable":true,"href":"https:\/\/lahora.mx\/index.php\/wp-json\/wp\/v2\/categories?post=24787"},{"taxonomy":"post_tag","embeddable":true,"href":"https:\/\/lahora.mx\/index.php\/wp-json\/wp\/v2\/tags?post=24787"}],"curies":[{"name":"wp","href":"https:\/\/api.w.org\/{rel}","templated":true}]}}