{"id":24781,"date":"2023-04-12T21:44:41","date_gmt":"2023-04-12T21:44:41","guid":{"rendered":"http:\/\/lahora.mx\/?p=24781"},"modified":"2023-04-12T21:44:42","modified_gmt":"2023-04-12T21:44:42","slug":"choque-en-autopista-mexico-puebla","status":"publish","type":"post","link":"https:\/\/lahora.mx\/index.php\/2023\/04\/12\/choque-en-autopista-mexico-puebla\/","title":{"rendered":"Choque en autopista M\u00e9xico-Puebla"},"content":{"rendered":"\n<p>Un aparatoso choque en autopista M\u00e9xico-Puebla ocurri\u00f3 la ma\u00f1ana de hoy 12 de abril y en el que se vieron involucradas alrededor de seis unidades incluyendo un tr\u00e1iler.<\/p>\n\n\n\n<p>El impacto ocurri\u00f3 en el carril central de vialidad, ah\u00ed el tr\u00e1iler que transportaba costales de cal termin\u00f3 por impactarse contra una de las columnas del segundo piso de la autopista M\u00e9xico-Puebla, incluso en las im\u00e1genes se puede apreciar como la parte frontal de la pesa unidad se encuentra pr\u00e1cticamente destrozada, mientras que la caja se encuentra atravesada y la carga regada entre el camell\u00f3n y la carpeta asf\u00e1ltica.<\/p>\n\n\n\n<p>Por si fuera poco, un auto particular, una camioneta Nissan de color rojo, acab\u00f3 volcada sobre su costado derecho, en tanto que metros atr\u00e1s otro auto particular, un Chevrolet azul tambi\u00e9n se estrell\u00f3 contra otra columna del segundo piso de la autopista, en tanto que del lado del copiloto se pueden apreciar los golpes que sufri\u00f3 durante el percance.<br>Hasta el lugar llegaron elementos de seguridad, Protecci\u00f3n Civil y cuerpos de rescate para atender a los heridos, sin que hasta el momento se sepa con exactitud el n\u00famero de lesionados. Por fortuna, no se reportan muertos por la colisi\u00f3n.<\/p>\n\n\n\n<p>De acuerdo con las primeras versiones el choque en autopista M\u00e9xico-Puebla ocurri\u00f3 cuando el tr\u00e1iler embisti\u00f3 a varios veh\u00edculos, entre ellos, dos camionetas y un tractocami\u00f3n, sin embargo, esta versi\u00f3n no ha sido confirmada o desmentida por alguna autoridad y ser\u00e1 hasta despu\u00e9s de los peritajes correspondientes cuando se conozcan las causas del percance.<\/p>\n\n\n\n<p>Por lo pronto en la zona se reporta tr\u00e1nsito intenso a causa de aparatoso choque en autopista M\u00e9xico-Puebla, por lo que si transita por el lugar le recomendamos tener paciencia y evitar distracciones para no generar otro percance.<\/p>\n","protected":false},"excerpt":{"rendered":"<p>Un aparatoso choque en autopista M\u00e9xico-Puebla ocurri\u00f3 la ma\u00f1ana de hoy 12 de abril y en el que se vieron involucradas alrededor de seis unidades incluyendo un tr\u00e1iler. El impacto ocurri\u00f3 en el carril central de vialidad, ah\u00ed el tr\u00e1iler que transportaba costales de cal termin\u00f3 por impactarse contra una de las columnas del segundo [&hellip;]<\/p>\n","protected":false},"author":4,"featured_media":24782,"comment_status":"open","ping_status":"open","sticky":false,"template":"","format":"standard","meta":{"om_disable_all_campaigns":false,"_monsterinsights_skip_tracking":false,"_monsterinsights_sitenote_active":false,"_monsterinsights_sitenote_note":"","_monsterinsights_sitenote_category":0,"footnotes":""},"categories":[175],"tags":[223],"class_list":["post-24781","post","type-post","status-publish","format-standard","has-post-thumbnail","hentry","category-local","tag-puebla"],"amp_enabled":true,"_links":{"self":[{"href":"https:\/\/lahora.mx\/index.php\/wp-json\/wp\/v2\/posts\/24781","targetHints":{"allow":["GET"]}}],"collection":[{"href":"https:\/\/lahora.mx\/index.php\/wp-json\/wp\/v2\/posts"}],"about":[{"href":"https:\/\/lahora.mx\/index.php\/wp-json\/wp\/v2\/types\/post"}],"author":[{"embeddable":true,"href":"https:\/\/lahora.mx\/index.php\/wp-json\/wp\/v2\/users\/4"}],"replies":[{"embeddable":true,"href":"https:\/\/lahora.mx\/index.php\/wp-json\/wp\/v2\/comments?post=24781"}],"version-history":[{"count":1,"href":"https:\/\/lahora.mx\/index.php\/wp-json\/wp\/v2\/posts\/24781\/revisions"}],"predecessor-version":[{"id":24783,"href":"https:\/\/lahora.mx\/index.php\/wp-json\/wp\/v2\/posts\/24781\/revisions\/24783"}],"wp:featuredmedia":[{"embeddable":true,"href":"https:\/\/lahora.mx\/index.php\/wp-json\/wp\/v2\/media\/24782"}],"wp:attachment":[{"href":"https:\/\/lahora.mx\/index.php\/wp-json\/wp\/v2\/media?parent=24781"}],"wp:term":[{"taxonomy":"category","embeddable":true,"href":"https:\/\/lahora.mx\/index.php\/wp-json\/wp\/v2\/categories?post=24781"},{"taxonomy":"post_tag","embeddable":true,"href":"https:\/\/lahora.mx\/index.php\/wp-json\/wp\/v2\/tags?post=24781"}],"curies":[{"name":"wp","href":"https:\/\/api.w.org\/{rel}","templated":true}]}}