{"id":24775,"date":"2023-04-12T15:20:06","date_gmt":"2023-04-12T15:20:06","guid":{"rendered":"http:\/\/lahora.mx\/?p=24775"},"modified":"2023-04-12T15:20:06","modified_gmt":"2023-04-12T15:20:06","slug":"supuesta-fuga-de-reo-en-el-penal-de-san-miguel-en-puebla","status":"publish","type":"post","link":"https:\/\/lahora.mx\/index.php\/2023\/04\/12\/supuesta-fuga-de-reo-en-el-penal-de-san-miguel-en-puebla\/","title":{"rendered":"Supuesta fuga de reo en el penal de San Miguel, en Puebla"},"content":{"rendered":"\n<p>En las \u00faltimas horas se ha dado a conocer una supuesta fuga de un reo del Centro de Reinserci\u00f3n Social (Cereso) San Miguel, en Puebla, durante la noche del martes 11 de abril<\/p>\n\n\n\n<p>Algunas versiones indican que cuando los custodios efectuaron el habitual pase de lista, el hombre no se encontraba a presente.<\/p>\n\n\n\n<p>Esto habr\u00eda ocurrido entre las 20:00 y las 21:00 horas, supuestamente en el sector o dormitorio \u00abA\u00bb del penal, ubicado en la colonia Lomas de San Miguel.<br>Posterior a eso, oficiales custodios de la Polic\u00eda Estatal iniciaron su b\u00fasqueda al interior del centro penitenciario, sin que hasta el momento se haya dado informaci\u00f3n al respecto.<\/p>\n\n\n\n<p>Se espera que en las pr\u00f3ximas horas, las autoridades emitan un posicionamiento respecto a la posible fuga del reo.<\/p>\n","protected":false},"excerpt":{"rendered":"<p>En las \u00faltimas horas se ha dado a conocer una supuesta fuga de un reo del Centro de Reinserci\u00f3n Social (Cereso) San Miguel, en Puebla, durante la noche del martes 11 de abril Algunas versiones indican que cuando los custodios efectuaron el habitual pase de lista, el hombre no se encontraba a presente. Esto habr\u00eda [&hellip;]<\/p>\n","protected":false},"author":4,"featured_media":24776,"comment_status":"open","ping_status":"open","sticky":false,"template":"","format":"standard","meta":{"om_disable_all_campaigns":false,"_monsterinsights_skip_tracking":false,"_monsterinsights_sitenote_active":false,"_monsterinsights_sitenote_note":"","_monsterinsights_sitenote_category":0,"footnotes":""},"categories":[175,226],"tags":[195,223],"class_list":["post-24775","post","type-post","status-publish","format-standard","has-post-thumbnail","hentry","category-local","category-policia","tag-principal","tag-puebla"],"amp_enabled":true,"_links":{"self":[{"href":"https:\/\/lahora.mx\/index.php\/wp-json\/wp\/v2\/posts\/24775","targetHints":{"allow":["GET"]}}],"collection":[{"href":"https:\/\/lahora.mx\/index.php\/wp-json\/wp\/v2\/posts"}],"about":[{"href":"https:\/\/lahora.mx\/index.php\/wp-json\/wp\/v2\/types\/post"}],"author":[{"embeddable":true,"href":"https:\/\/lahora.mx\/index.php\/wp-json\/wp\/v2\/users\/4"}],"replies":[{"embeddable":true,"href":"https:\/\/lahora.mx\/index.php\/wp-json\/wp\/v2\/comments?post=24775"}],"version-history":[{"count":1,"href":"https:\/\/lahora.mx\/index.php\/wp-json\/wp\/v2\/posts\/24775\/revisions"}],"predecessor-version":[{"id":24777,"href":"https:\/\/lahora.mx\/index.php\/wp-json\/wp\/v2\/posts\/24775\/revisions\/24777"}],"wp:featuredmedia":[{"embeddable":true,"href":"https:\/\/lahora.mx\/index.php\/wp-json\/wp\/v2\/media\/24776"}],"wp:attachment":[{"href":"https:\/\/lahora.mx\/index.php\/wp-json\/wp\/v2\/media?parent=24775"}],"wp:term":[{"taxonomy":"category","embeddable":true,"href":"https:\/\/lahora.mx\/index.php\/wp-json\/wp\/v2\/categories?post=24775"},{"taxonomy":"post_tag","embeddable":true,"href":"https:\/\/lahora.mx\/index.php\/wp-json\/wp\/v2\/tags?post=24775"}],"curies":[{"name":"wp","href":"https:\/\/api.w.org\/{rel}","templated":true}]}}