{"id":24772,"date":"2023-04-12T15:18:10","date_gmt":"2023-04-12T15:18:10","guid":{"rendered":"http:\/\/lahora.mx\/?p=24772"},"modified":"2023-04-12T15:18:11","modified_gmt":"2023-04-12T15:18:11","slug":"600-mdp-de-inversion-en-accendo-y-el-banco-quiebra-en-2021","status":"publish","type":"post","link":"https:\/\/lahora.mx\/index.php\/2023\/04\/12\/600-mdp-de-inversion-en-accendo-y-el-banco-quiebra-en-2021\/","title":{"rendered":"600 mdp de inversi\u00f3n en Accendo y el banco quiebra en 2021"},"content":{"rendered":"\n<p>El Gobierno de Puebla, baj\u00f3 la gesti\u00f3n de Miguel Barbosa Huerta, invirti\u00f3 en junio de 2021 un monto de 600 millones de pesos en Banco Accendo, instituci\u00f3n financiera que quebr\u00f3 meses despu\u00e9s, confirm\u00f3 este 11 de abril la titular de la Secretar\u00eda de Planeaci\u00f3n y Finanzas, Teresa Castro Corro.<\/p>\n\n\n\n<p>La funcionaria asegur\u00f3 que dicha financiera estaba regulada y contaba con el respaldo de la Comisi\u00f3n Nacional Bancaria de Valores (CNBV), por lo que la administraci\u00f3n estatal autoriz\u00f3 la millonaria inversi\u00f3n.<\/p>\n\n\n\n<p>Argument\u00f3 que \u201ces obligaci\u00f3n de cualquier gobierno invertir sus recursos\u201d, adem\u00e1s de que en ese momento, Banco Accendo ofrec\u00eda al gobierno del estado tasas competitivas, no obstante, tres meses despu\u00e9s, en septiembre de 2021, la financiera se declar\u00f3 en quiebra.<br>Indic\u00f3 que el Instituto para la Protecci\u00f3n al Ahorro Bancario (IPAB) ser\u00e1 la encargada de indemnizar al gobierno del estado el mont\u00f3 perdido y descart\u00f3 que se trate de un quebranto, pues afirm\u00f3 que el recurso invertido nunca comprometi\u00f3 las finanzas del ejercicio fiscal 2021 y las subsecuentes.<\/p>\n\n\n\n<p>\u00abLa situaci\u00f3n de inversi\u00f3n fue un recurso que no era presupuestario, es decir, los programas del presupuesto jam\u00e1s se han puesto en riesgo (\u2026), es obligaci\u00f3n de cualquier gobierno invertir sus recursos, cuando se invirti\u00f3 todo estaba regulado, incluso tuvimos una inversi\u00f3n en el mes de junio, fue en el periodo de 2021, y en septiembre la Comisi\u00f3n Nacional Bancaria de Valores determina el cierre de este banco\u201d.<br>Agreg\u00f3 que cada tres meses se informa a la Secretar\u00eda de la Funci\u00f3n P\u00fablica estatal los avances del litigi\u00f3 para la compensaci\u00f3n del monto, agregando a su vez, que otras entidades y municipios tambi\u00e9n fueron afectados por el cierre del banco.<br>El gobernador de Puebla, Sergio Salom\u00f3n C\u00e9spedes Peregrina, mencion\u00f3 que espera que el mont\u00f3 sea recuperado a la brevedad, sin embargo, reconoci\u00f3 que esto s\u00ed afecta a las finanzas del estado, pese a las declaraciones de su funcionaria.<\/p>\n\n\n\n<p>\u201cCuando se hace este tipo de inversi\u00f3n la instituci\u00f3n estaba autorizada por la Comisi\u00f3n Nacional Bancaria de Valores, lo cual de una forma u otra garantizaba o le daba legalidad a la empresa para poder hacerlo; esto sin duda es un tema que va a afectar, no podemos negar esa situaci\u00f3n, pero esperemos que en corto tiempo pueda ser liquidada y alcance el recurso para que pueda ser remunerado el estado con estos 600 millones de pesos\u201d.<br>El 29 de septiembre de ese a\u00f1o se revoc\u00f3 la licencia de operaci\u00f3n a Banco Accendo por presuntas pr\u00e1cticas contables inadecuadas que pon\u00edan en riesgo los ahorros e inversiones de sus clientes, inform\u00f3 en su momento Gabriel Yorio Gonz\u00e1lez, subsecretario de Hacienda y Cr\u00e9dito P\u00fablico federal.<\/p>\n\n\n\n<p>Nueve meses despu\u00e9s, en junio de 2022, Francisco Javier Reyes de la Campa, quien fung\u00eda como presidente y director de Banco Accendo, fue detenido en Ciudad de M\u00e9xico se\u00f1alado por el presunto delito de desv\u00edo de recursos.<\/p>\n","protected":false},"excerpt":{"rendered":"<p>El Gobierno de Puebla, baj\u00f3 la gesti\u00f3n de Miguel Barbosa Huerta, invirti\u00f3 en junio de 2021 un monto de 600 millones de pesos en Banco Accendo, instituci\u00f3n financiera que quebr\u00f3 meses despu\u00e9s, confirm\u00f3 este 11 de abril la titular de la Secretar\u00eda de Planeaci\u00f3n y Finanzas, Teresa Castro Corro. La funcionaria asegur\u00f3 que dicha financiera [&hellip;]<\/p>\n","protected":false},"author":4,"featured_media":24773,"comment_status":"open","ping_status":"open","sticky":false,"template":"","format":"standard","meta":{"om_disable_all_campaigns":false,"_monsterinsights_skip_tracking":false,"_monsterinsights_sitenote_active":false,"_monsterinsights_sitenote_note":"","_monsterinsights_sitenote_category":0,"footnotes":""},"categories":[175],"tags":[223],"class_list":["post-24772","post","type-post","status-publish","format-standard","has-post-thumbnail","hentry","category-local","tag-puebla"],"amp_enabled":true,"_links":{"self":[{"href":"https:\/\/lahora.mx\/index.php\/wp-json\/wp\/v2\/posts\/24772","targetHints":{"allow":["GET"]}}],"collection":[{"href":"https:\/\/lahora.mx\/index.php\/wp-json\/wp\/v2\/posts"}],"about":[{"href":"https:\/\/lahora.mx\/index.php\/wp-json\/wp\/v2\/types\/post"}],"author":[{"embeddable":true,"href":"https:\/\/lahora.mx\/index.php\/wp-json\/wp\/v2\/users\/4"}],"replies":[{"embeddable":true,"href":"https:\/\/lahora.mx\/index.php\/wp-json\/wp\/v2\/comments?post=24772"}],"version-history":[{"count":1,"href":"https:\/\/lahora.mx\/index.php\/wp-json\/wp\/v2\/posts\/24772\/revisions"}],"predecessor-version":[{"id":24774,"href":"https:\/\/lahora.mx\/index.php\/wp-json\/wp\/v2\/posts\/24772\/revisions\/24774"}],"wp:featuredmedia":[{"embeddable":true,"href":"https:\/\/lahora.mx\/index.php\/wp-json\/wp\/v2\/media\/24773"}],"wp:attachment":[{"href":"https:\/\/lahora.mx\/index.php\/wp-json\/wp\/v2\/media?parent=24772"}],"wp:term":[{"taxonomy":"category","embeddable":true,"href":"https:\/\/lahora.mx\/index.php\/wp-json\/wp\/v2\/categories?post=24772"},{"taxonomy":"post_tag","embeddable":true,"href":"https:\/\/lahora.mx\/index.php\/wp-json\/wp\/v2\/tags?post=24772"}],"curies":[{"name":"wp","href":"https:\/\/api.w.org\/{rel}","templated":true}]}}