{"id":24761,"date":"2023-04-11T23:45:57","date_gmt":"2023-04-11T23:45:57","guid":{"rendered":"http:\/\/lahora.mx\/?p=24761"},"modified":"2023-04-11T23:45:58","modified_gmt":"2023-04-11T23:45:58","slug":"con-prontitud-y-cercania-gobierno-de-puebla-apoya-a-productores-afectados-por-lluvias-sergio-salomon","status":"publish","type":"post","link":"https:\/\/lahora.mx\/index.php\/2023\/04\/11\/con-prontitud-y-cercania-gobierno-de-puebla-apoya-a-productores-afectados-por-lluvias-sergio-salomon\/","title":{"rendered":"Con prontitud y cercan\u00eda gobierno de Puebla apoya a productores afectados por lluvias: Sergio Salom\u00f3n"},"content":{"rendered":"\n<p>Derivado de que el campo es una de las prioridades, el gobierno de Puebla apoya con prontitud y cercan\u00eda a productores afectados por contingencias climatol\u00f3gicas, puntualiz\u00f3 el gobernador Sergio Salom\u00f3n.<\/p>\n\n\n\n<p>En conferencia de prensa, el titular del Ejecutivo record\u00f3 que su administraci\u00f3n, a trav\u00e9s de la Secretar\u00eda de Desarrollo Rural, contabiliz\u00f3 de manera inmediata los da\u00f1os por lluvias en cultivos en los municipios de General Felipe \u00c1ngeles y Quecholac.<\/p>\n\n\n\n<p>Refrend\u00f3 que su administraci\u00f3n implementa estrategias para que el sector primario tenga las mejores condiciones, por lo que los incentivos e indemnizaciones continuar\u00e1n a fin de reponer las cadenas de producci\u00f3n y los ingresos.<\/p>\n\n\n\n<p>CA\u00cdDA DE GRANIZO AFECT\u00d3 670 HECT\u00c1REAS, RECALCA SDR<\/p>\n\n\n\n<p>La titular de la Secretar\u00eda de Desarrollo Rural (SDR), Ana Laura Altamirano P\u00e9rez inform\u00f3 que, de acuerdo a la cuantificaci\u00f3n de da\u00f1os por la ca\u00edda de granizo el s\u00e1bado 08 de abril, son 670 hect\u00e1reas siniestradas en 15 localidades de los municipios de General Felipe \u00c1ngeles y Quecholac.<\/p>\n\n\n\n<p>En ese sentido, detall\u00f3 que, al ser esta administraci\u00f3n presente, las y los productores afectados recibir\u00e1n la indemnizaci\u00f3n correspondiente, de manera directa y sin intermediarios, al cabo de un plazo no mayor a 10 d\u00edas h\u00e1biles como parte del programa de Atenci\u00f3n a Siniestros Agroclim\u00e1ticos.<\/p>\n","protected":false},"excerpt":{"rendered":"<p>Derivado de que el campo es una de las prioridades, el gobierno de Puebla apoya con prontitud y cercan\u00eda a productores afectados por contingencias climatol\u00f3gicas, puntualiz\u00f3 el gobernador Sergio Salom\u00f3n. En conferencia de prensa, el titular del Ejecutivo record\u00f3 que su administraci\u00f3n, a trav\u00e9s de la Secretar\u00eda de Desarrollo Rural, contabiliz\u00f3 de manera inmediata los [&hellip;]<\/p>\n","protected":false},"author":4,"featured_media":24762,"comment_status":"open","ping_status":"open","sticky":false,"template":"","format":"standard","meta":{"om_disable_all_campaigns":false,"_monsterinsights_skip_tracking":false,"_monsterinsights_sitenote_active":false,"_monsterinsights_sitenote_note":"","_monsterinsights_sitenote_category":0,"footnotes":""},"categories":[175],"tags":[210],"class_list":["post-24761","post","type-post","status-publish","format-standard","has-post-thumbnail","hentry","category-local","tag-tlaxcala"],"amp_enabled":true,"_links":{"self":[{"href":"https:\/\/lahora.mx\/index.php\/wp-json\/wp\/v2\/posts\/24761","targetHints":{"allow":["GET"]}}],"collection":[{"href":"https:\/\/lahora.mx\/index.php\/wp-json\/wp\/v2\/posts"}],"about":[{"href":"https:\/\/lahora.mx\/index.php\/wp-json\/wp\/v2\/types\/post"}],"author":[{"embeddable":true,"href":"https:\/\/lahora.mx\/index.php\/wp-json\/wp\/v2\/users\/4"}],"replies":[{"embeddable":true,"href":"https:\/\/lahora.mx\/index.php\/wp-json\/wp\/v2\/comments?post=24761"}],"version-history":[{"count":1,"href":"https:\/\/lahora.mx\/index.php\/wp-json\/wp\/v2\/posts\/24761\/revisions"}],"predecessor-version":[{"id":24763,"href":"https:\/\/lahora.mx\/index.php\/wp-json\/wp\/v2\/posts\/24761\/revisions\/24763"}],"wp:featuredmedia":[{"embeddable":true,"href":"https:\/\/lahora.mx\/index.php\/wp-json\/wp\/v2\/media\/24762"}],"wp:attachment":[{"href":"https:\/\/lahora.mx\/index.php\/wp-json\/wp\/v2\/media?parent=24761"}],"wp:term":[{"taxonomy":"category","embeddable":true,"href":"https:\/\/lahora.mx\/index.php\/wp-json\/wp\/v2\/categories?post=24761"},{"taxonomy":"post_tag","embeddable":true,"href":"https:\/\/lahora.mx\/index.php\/wp-json\/wp\/v2\/tags?post=24761"}],"curies":[{"name":"wp","href":"https:\/\/api.w.org\/{rel}","templated":true}]}}