{"id":24757,"date":"2023-04-11T23:38:28","date_gmt":"2023-04-11T23:38:28","guid":{"rendered":"http:\/\/lahora.mx\/?p=24757"},"modified":"2023-04-11T23:38:29","modified_gmt":"2023-04-11T23:38:29","slug":"sin-contratiempos-concluye-operativo-primavera-segura-2023-de-cruz-roja-mexicana-puebla","status":"publish","type":"post","link":"https:\/\/lahora.mx\/index.php\/2023\/04\/11\/sin-contratiempos-concluye-operativo-primavera-segura-2023-de-cruz-roja-mexicana-puebla\/","title":{"rendered":"Sin contratiempos concluye operativo primavera segura 2023 de cruz roja mexicana Puebla"},"content":{"rendered":"\n<p>Derivado de la participaci\u00f3n activa de cientos de Voluntarias y Voluntarios en b\u00fasqueda del bien com\u00fan as\u00ed como, la generaci\u00f3n de alianzas con autoridades de los tres \u00f3rdenes de gobierno durante la reciente temporada vacacional, la Delegaci\u00f3n Estatal de Cruz Roja Mexicana en Puebla report\u00f3 la conclusi\u00f3n, de manera exitosa, del \u00abOperativo Primavera Segura 2023\u00bb.<\/p>\n\n\n\n<p>Del 1 al 9 de abril, se cont\u00f3 con el despliegue estrat\u00e9gico de m\u00e1s 450 T\u00e9cnicos en Urgencias M\u00e9dicas, personal adscrito a Grupos Especiales y alrededor de 60 veh\u00edculos de emergencia, con el firme prop\u00f3sito de atender con prontitud situaciones que comprometieran la vida o salud de las personas.<\/p>\n\n\n\n<p>En este sentido, a trav\u00e9s de las Coordinaciones Locales de Socorros se brindaron m\u00e1s 260 servicios prehospitalarios a la comunidad, principalmente en escenarios como: concentraciones masivas debido al desarrollo de eventos de \u00edndole religioso; autopistas y carreteras; balnearios, lagos y lagunas, por citar algunos.<\/p>\n\n\n\n<p>Es importante se\u00f1alar que, pese a la conclusi\u00f3n de la primera etapa o semana mayor del presente periodo de asueto, mismo que concluir\u00e1 el pr\u00f3ximo 16 de abril, esta Instituci\u00f3n Humanitaria mantendr\u00e1 los esquemas de vigilancia en diversos sitios tur\u00edsticos a fin de brindar ayuda oportuna a quienes a\u00fan est\u00e9n de visita en la entidad.<\/p>\n\n\n\n<p>Una vez m\u00e1s y en estricto apego a los Principios Fundamentales de Humanidad, Neutralidad e Imparcialidad que rigen a la organizaci\u00f3n, Cruz Roja Mexicana en Puebla refrenda el compromiso de enfocar sus esfuerzos operativos a favor de quien m\u00e1s lo necesita.<\/p>\n","protected":false},"excerpt":{"rendered":"<p>Derivado de la participaci\u00f3n activa de cientos de Voluntarias y Voluntarios en b\u00fasqueda del bien com\u00fan as\u00ed como, la generaci\u00f3n de alianzas con autoridades de los tres \u00f3rdenes de gobierno durante la reciente temporada vacacional, la Delegaci\u00f3n Estatal de Cruz Roja Mexicana en Puebla report\u00f3 la conclusi\u00f3n, de manera exitosa, del \u00abOperativo Primavera Segura 2023\u00bb. [&hellip;]<\/p>\n","protected":false},"author":4,"featured_media":24759,"comment_status":"open","ping_status":"open","sticky":false,"template":"","format":"standard","meta":{"om_disable_all_campaigns":false,"_monsterinsights_skip_tracking":false,"_monsterinsights_sitenote_active":false,"_monsterinsights_sitenote_note":"","_monsterinsights_sitenote_category":0,"footnotes":""},"categories":[175],"tags":[223],"class_list":["post-24757","post","type-post","status-publish","format-standard","has-post-thumbnail","hentry","category-local","tag-puebla"],"amp_enabled":true,"_links":{"self":[{"href":"https:\/\/lahora.mx\/index.php\/wp-json\/wp\/v2\/posts\/24757","targetHints":{"allow":["GET"]}}],"collection":[{"href":"https:\/\/lahora.mx\/index.php\/wp-json\/wp\/v2\/posts"}],"about":[{"href":"https:\/\/lahora.mx\/index.php\/wp-json\/wp\/v2\/types\/post"}],"author":[{"embeddable":true,"href":"https:\/\/lahora.mx\/index.php\/wp-json\/wp\/v2\/users\/4"}],"replies":[{"embeddable":true,"href":"https:\/\/lahora.mx\/index.php\/wp-json\/wp\/v2\/comments?post=24757"}],"version-history":[{"count":1,"href":"https:\/\/lahora.mx\/index.php\/wp-json\/wp\/v2\/posts\/24757\/revisions"}],"predecessor-version":[{"id":24760,"href":"https:\/\/lahora.mx\/index.php\/wp-json\/wp\/v2\/posts\/24757\/revisions\/24760"}],"wp:featuredmedia":[{"embeddable":true,"href":"https:\/\/lahora.mx\/index.php\/wp-json\/wp\/v2\/media\/24759"}],"wp:attachment":[{"href":"https:\/\/lahora.mx\/index.php\/wp-json\/wp\/v2\/media?parent=24757"}],"wp:term":[{"taxonomy":"category","embeddable":true,"href":"https:\/\/lahora.mx\/index.php\/wp-json\/wp\/v2\/categories?post=24757"},{"taxonomy":"post_tag","embeddable":true,"href":"https:\/\/lahora.mx\/index.php\/wp-json\/wp\/v2\/tags?post=24757"}],"curies":[{"name":"wp","href":"https:\/\/api.w.org\/{rel}","templated":true}]}}