{"id":24753,"date":"2023-04-11T23:36:56","date_gmt":"2023-04-11T23:36:56","guid":{"rendered":"http:\/\/lahora.mx\/?p=24753"},"modified":"2023-04-11T23:37:01","modified_gmt":"2023-04-11T23:37:01","slug":"puebla-capital-festejara-aniversario-de-fundacion","status":"publish","type":"post","link":"https:\/\/lahora.mx\/index.php\/2023\/04\/11\/puebla-capital-festejara-aniversario-de-fundacion\/","title":{"rendered":"Puebla capital festejar\u00e1 aniversario de fundaci\u00f3n"},"content":{"rendered":"\n<p>El domingo 16 de abril Puebla capital cumplir\u00e1 un a\u00f1o m\u00e1s de existencia y para celebrar este 492\u00b0 aniversario de su fundaci\u00f3n, el Gobierno Municipal -presidido por Eduardo Rivera P\u00e9rez- ha preparado una serie de actividades y eventos.<\/p>\n\n\n\n<p>Para comenzar, Berenice Vidal Castel\u00e1n, Gerente del Centro Hist\u00f3rico, inform\u00f3 que el domingo 16 de abril se entregar\u00e1n los trabajos de intervenci\u00f3n de la Catedral, fuentes e iluminaci\u00f3n din\u00e1mica; el lunes 17 de abril a las 10:00 horas presentar\u00e1n la exposici\u00f3n de proyectos ganadores del programa &#8216;Rehabilita &amp; Habita, Nuevas Perspectivas para el Centro Hist\u00f3rico de Puebla 2022&#8217;, as\u00ed como dos mesas de di\u00e1logo con esta tem\u00e1tica el 20 y 27 de abril.<\/p>\n\n\n\n<p>Asimismo, la Gerente coment\u00f3 que se dignificar\u00e1 el rol femenino en la fundaci\u00f3n y desarrollo de la ciudad con la publicaci\u00f3n del n\u00famero 33 de la revista Cuetlaxcoapan &#8216;Mujeres Hacedoras del Patrimonio Cultural&#8217;, el 18 de abril a las 10:00 horas; y el 22 de abril a las 12:00 horas se proyectar\u00e1 el documental &#8216;Art\u00edfices de la Tradici\u00f3n. Oficios Vivos y T\u00e9cnicas Artesanales de la Ciudad de Puebla&#8217; en el cual se dar\u00e1 a conocer la vida, trabajo y procesos de cinco maestros y maestras.<\/p>\n\n\n\n<p>Por su parte, Fabi\u00e1n Valdivia P\u00e9rez, Director del Instituto Municipal de Arte y Cultura, anunci\u00f3 la presentaci\u00f3n libro &#8216;Puebla la Cocina del Mundo&#8217; este 11 de abril a las 17:00; de la misma forma, el mi\u00e9rcoles 12 de abril a igual hora saldr\u00e1 para el p\u00fablico la &#8216;Arqueoantolog\u00eda de Poemas de Mujeres en Puebla&#8217;, obra parte del segundo circuito de &#8216;Canasta de Escritoras y Escritores&#8217;. Por \u00faltimo, y para celebrar el 333\u00b0 aniversario de la Capilla del Rosario a las 19:00 horas el mi\u00e9rcoles 19 de abril se realizar\u00e1 un concierto de m\u00fasica antigua en el Templo de Santo Domingo. Todo esto aunado a la programaci\u00f3n semanal.<\/p>\n\n\n\n<p>Por otro lado, y como parte de la vinculaci\u00f3n entre el Gobierno de la Ciudad con organismos internacionales, Lucero Salda\u00f1a P\u00e9rez, Secretaria General del Ayuntamiento, anunci\u00f3 la participaci\u00f3n de Esther Cruces Blanco, Directora del Archivo General de Indias, con la conferencia magistral &#8216;Puntos de Encuentro en la Historia y en la Memoria de una Ciudad. Puebla y sus Documentos&#8217;, que tendr\u00e1 como escenario el Altar de los Reyes en la Catedral; adem\u00e1s, por su invaluable aportaci\u00f3n en materia archiv\u00edstica, Cruces Blanco recibir\u00e1 el reconocimiento &#8216;Puebla Patrimonio Cultural de la Humanidad&#8217;.<\/p>\n\n\n\n<p>Adicionalmente, Salda\u00f1a P\u00e9rez notific\u00f3 que las y los ciudadanos podr\u00e1n conocer detalles de la fundaci\u00f3n de forma gratuita a trav\u00e9s de la exposici\u00f3n fotogr\u00e1fica &#8216;An\u00e9cdotas de Puebla&#8217; en el Barrio del Artista, a partir del 13 de abril y del concierto &#8216;M\u00fasica Coral del Archivo de la Catedral de Puebla&#8217; a cargo del Coro Universitario de la Benem\u00e9rita Universidad Aut\u00f3noma de Puebla (BUAP) que tendr\u00e1 lugar el 20 de abril a las 19:00 horas en dicho recinto; a su vez podr\u00e1n disfrutar del Toque de Campanas de la Catedral y el Ensamble de Bandas Municipal y Sinf\u00f3nica de la UDLAP el pr\u00f3ximo 21 de abril a las 10:00 horas, entre otras actividades.<\/p>\n","protected":false},"excerpt":{"rendered":"<p>El domingo 16 de abril Puebla capital cumplir\u00e1 un a\u00f1o m\u00e1s de existencia y para celebrar este 492\u00b0 aniversario de su fundaci\u00f3n, el Gobierno Municipal -presidido por Eduardo Rivera P\u00e9rez- ha preparado una serie de actividades y eventos. Para comenzar, Berenice Vidal Castel\u00e1n, Gerente del Centro Hist\u00f3rico, inform\u00f3 que el domingo 16 de abril se [&hellip;]<\/p>\n","protected":false},"author":4,"featured_media":24755,"comment_status":"open","ping_status":"open","sticky":false,"template":"","format":"standard","meta":{"om_disable_all_campaigns":false,"_monsterinsights_skip_tracking":false,"_monsterinsights_sitenote_active":false,"_monsterinsights_sitenote_note":"","_monsterinsights_sitenote_category":0,"footnotes":""},"categories":[175],"tags":[195,223],"class_list":["post-24753","post","type-post","status-publish","format-standard","has-post-thumbnail","hentry","category-local","tag-principal","tag-puebla"],"amp_enabled":true,"_links":{"self":[{"href":"https:\/\/lahora.mx\/index.php\/wp-json\/wp\/v2\/posts\/24753","targetHints":{"allow":["GET"]}}],"collection":[{"href":"https:\/\/lahora.mx\/index.php\/wp-json\/wp\/v2\/posts"}],"about":[{"href":"https:\/\/lahora.mx\/index.php\/wp-json\/wp\/v2\/types\/post"}],"author":[{"embeddable":true,"href":"https:\/\/lahora.mx\/index.php\/wp-json\/wp\/v2\/users\/4"}],"replies":[{"embeddable":true,"href":"https:\/\/lahora.mx\/index.php\/wp-json\/wp\/v2\/comments?post=24753"}],"version-history":[{"count":1,"href":"https:\/\/lahora.mx\/index.php\/wp-json\/wp\/v2\/posts\/24753\/revisions"}],"predecessor-version":[{"id":24758,"href":"https:\/\/lahora.mx\/index.php\/wp-json\/wp\/v2\/posts\/24753\/revisions\/24758"}],"wp:featuredmedia":[{"embeddable":true,"href":"https:\/\/lahora.mx\/index.php\/wp-json\/wp\/v2\/media\/24755"}],"wp:attachment":[{"href":"https:\/\/lahora.mx\/index.php\/wp-json\/wp\/v2\/media?parent=24753"}],"wp:term":[{"taxonomy":"category","embeddable":true,"href":"https:\/\/lahora.mx\/index.php\/wp-json\/wp\/v2\/categories?post=24753"},{"taxonomy":"post_tag","embeddable":true,"href":"https:\/\/lahora.mx\/index.php\/wp-json\/wp\/v2\/tags?post=24753"}],"curies":[{"name":"wp","href":"https:\/\/api.w.org\/{rel}","templated":true}]}}