{"id":24751,"date":"2023-04-11T23:36:29","date_gmt":"2023-04-11T23:36:29","guid":{"rendered":"http:\/\/lahora.mx\/?p=24751"},"modified":"2023-04-11T23:36:29","modified_gmt":"2023-04-11T23:36:29","slug":"reforman-en-materia-de-justicia-electoral-garantiza-acciones-afirmativas-y-representacion-de-todos-los-grupos-ignacio-mier","status":"publish","type":"post","link":"https:\/\/lahora.mx\/index.php\/2023\/04\/11\/reforman-en-materia-de-justicia-electoral-garantiza-acciones-afirmativas-y-representacion-de-todos-los-grupos-ignacio-mier\/","title":{"rendered":"Reforman en materia de justicia electoral garantiza acciones afirmativas y representaci\u00f3n de todos los grupos: Ignacio Mier"},"content":{"rendered":"\n<p>El legislador Ignacio Mier Velazco, presidente de la Junta de Coordinaci\u00f3n Pol\u00edtica (Jucopo), afirm\u00f3 que la reforma en materia de justicia electoral no atenta contra los derechos pol\u00edticos, como tampoco echa para atr\u00e1s lo relativo a las acciones afirmativas en los procesos de elecci\u00f3n.<\/p>\n\n\n\n<p>En rueda de prensa, dej\u00f3 claro que la propuesta que busca modificar los art\u00edculos 41, 73, 99 y 105 de la Constituci\u00f3n Pol\u00edtica es todo lo contrario a la narrativa que han expresado algunas voces del Tribunal Electoral del Poder Judicial de la Federaci\u00f3n (TEPJF).<\/p>\n\n\n\n<p>\u201cAlgunos personajes del Tribunal creen que estamos atentando contra los derechos pol\u00edticos o que eran regresivas, falso\u201d, indic\u00f3.<\/p>\n\n\n\n<p>Toda vez que queda establecido constitucionalmente que el piso para la determinaci\u00f3n de candidaturas en materia pol\u00edtica electoral por parte de los partidos pol\u00edticos ser\u00e1n la distribuci\u00f3n y la composici\u00f3n actual derivada de la elecci\u00f3n del 2021.<\/p>\n\n\n\n<p>El l\u00edder de la fracci\u00f3n de Morena en San L\u00e1zaro, explic\u00f3 que se hizo una revisi\u00f3n integral de la iniciativa de reforma a varios art\u00edculos de la Constituci\u00f3n, entre ellos el 41, el 99, para evitar la serie de diferencias que ha habido a ra\u00edz de los criterios que ha emitido de manera sistem\u00e1tica durante los \u00faltimos a\u00f1os el Tribunal Federal Electoral.<\/p>\n\n\n\n<p>Para la cual, se tom\u00f3 como base todas las sentencias desde 1996 a la fecha, que ha emitido el Tribunal Electoral, como piso para garantizar derechos pol\u00edticos en lo individual, de los partidos pol\u00edticos en su vida interna y para las acciones afirmativas, sobre todo, para garantizar el principio de la igualdad sustantiva.<\/p>\n\n\n\n<p>Con base en eso, acot\u00f3 Mier Velazco, la Comisi\u00f3n de Puntos Constitucionales hizo una revisi\u00f3n integral, sistem\u00e1tica, la incorpor\u00f3 a la exposici\u00f3n de motivos y por eso deriv\u00f3 que todas las acciones afirmativas para todas las minor\u00edas est\u00e9n representadas al menos en el mismo n\u00famero que en esta Legislatura.<\/p>\n\n\n\n<p>\u201cLo que quisimos proteger con esta iniciativa es que las minor\u00edas, como acciones afirmativas, est\u00e9n plenamente garantizadas constitucionalmente su participaci\u00f3n y no puede haber un n\u00famero menor de representantes que el que actualmente existe en la C\u00e1mara de Diputados\u201d, expres\u00f3.<\/p>\n\n\n\n<p>En ese sentido, el legislador por Puebla manifest\u00f3 que los principios de paridad e igualdad sustantiva, ya est\u00e1n establecidos en el Cuarto constitucional, por lo que no ser\u00e1n negociables.<\/p>\n\n\n\n<p>\u201cLa paridad es algo que est\u00e1 establecido en la Constituci\u00f3n, ah\u00ed no hay manera de echarse para atr\u00e1s y corre de manera transversal en todo, no solamente en materia pol\u00edtico electoral, sino para cualquier tipo de actividad que garantice la paridad entre hombres y mujeres y la igualdad sustantiva\u201d, manifest\u00f3 Ignacio Mier.<\/p>\n","protected":false},"excerpt":{"rendered":"<p>El legislador Ignacio Mier Velazco, presidente de la Junta de Coordinaci\u00f3n Pol\u00edtica (Jucopo), afirm\u00f3 que la reforma en materia de justicia electoral no atenta contra los derechos pol\u00edticos, como tampoco echa para atr\u00e1s lo relativo a las acciones afirmativas en los procesos de elecci\u00f3n. En rueda de prensa, dej\u00f3 claro que la propuesta que busca [&hellip;]<\/p>\n","protected":false},"author":4,"featured_media":24754,"comment_status":"open","ping_status":"open","sticky":false,"template":"","format":"standard","meta":{"om_disable_all_campaigns":false,"_monsterinsights_skip_tracking":false,"_monsterinsights_sitenote_active":false,"_monsterinsights_sitenote_note":"","_monsterinsights_sitenote_category":0,"footnotes":""},"categories":[175],"tags":[223],"class_list":["post-24751","post","type-post","status-publish","format-standard","has-post-thumbnail","hentry","category-local","tag-puebla"],"amp_enabled":true,"_links":{"self":[{"href":"https:\/\/lahora.mx\/index.php\/wp-json\/wp\/v2\/posts\/24751","targetHints":{"allow":["GET"]}}],"collection":[{"href":"https:\/\/lahora.mx\/index.php\/wp-json\/wp\/v2\/posts"}],"about":[{"href":"https:\/\/lahora.mx\/index.php\/wp-json\/wp\/v2\/types\/post"}],"author":[{"embeddable":true,"href":"https:\/\/lahora.mx\/index.php\/wp-json\/wp\/v2\/users\/4"}],"replies":[{"embeddable":true,"href":"https:\/\/lahora.mx\/index.php\/wp-json\/wp\/v2\/comments?post=24751"}],"version-history":[{"count":1,"href":"https:\/\/lahora.mx\/index.php\/wp-json\/wp\/v2\/posts\/24751\/revisions"}],"predecessor-version":[{"id":24756,"href":"https:\/\/lahora.mx\/index.php\/wp-json\/wp\/v2\/posts\/24751\/revisions\/24756"}],"wp:featuredmedia":[{"embeddable":true,"href":"https:\/\/lahora.mx\/index.php\/wp-json\/wp\/v2\/media\/24754"}],"wp:attachment":[{"href":"https:\/\/lahora.mx\/index.php\/wp-json\/wp\/v2\/media?parent=24751"}],"wp:term":[{"taxonomy":"category","embeddable":true,"href":"https:\/\/lahora.mx\/index.php\/wp-json\/wp\/v2\/categories?post=24751"},{"taxonomy":"post_tag","embeddable":true,"href":"https:\/\/lahora.mx\/index.php\/wp-json\/wp\/v2\/tags?post=24751"}],"curies":[{"name":"wp","href":"https:\/\/api.w.org\/{rel}","templated":true}]}}