{"id":24746,"date":"2023-04-11T23:28:01","date_gmt":"2023-04-11T23:28:01","guid":{"rendered":"http:\/\/lahora.mx\/?p=24746"},"modified":"2023-04-11T23:28:02","modified_gmt":"2023-04-11T23:28:02","slug":"congreso-del-estado-presenta-avances-en-el-proceso-de-consulta-a-la-ley-de-educacion-y-de-pueblos-y-comunidades-indigenas","status":"publish","type":"post","link":"https:\/\/lahora.mx\/index.php\/2023\/04\/11\/congreso-del-estado-presenta-avances-en-el-proceso-de-consulta-a-la-ley-de-educacion-y-de-pueblos-y-comunidades-indigenas\/","title":{"rendered":"Congreso del Estado presenta avances en el Proceso de Consulta a la Ley de Educaci\u00f3n, y de Pueblos y Comunidades Ind\u00edgenas"},"content":{"rendered":"\n<p>El Congreso del Estado presenta avances importantes en la realizaci\u00f3n del Proceso de Consulta para las reformas a la Ley de Derechos, Cultura y Desarrollo de los Pueblos y Comunidades Ind\u00edgenas; y la Ley de Educaci\u00f3n, afirm\u00f3 el diputado presidente de la Junta de Gobierno y Coordinaci\u00f3n Pol\u00edtica del Congreso del Estado, Eduardo Castillo L\u00f3pez.<\/p>\n\n\n\n<p>El legislador se\u00f1al\u00f3 que derivado de las acciones de inconstitucionalidad y las resoluciones de la Suprema Corte de Justicia de la Naci\u00f3n, y con el objetivo de realizar una consulta previa, libre, informada y de buena fe para reformar estas leyes, as\u00ed como de recibir opiniones, propuestas y planteamientos por parte de los pueblos y comunidades ind\u00edgenas, hasta el momento se han efectuado 17 de 19 visitas a pueblos y comunidades ind\u00edgenas correspondiente a la Etapa Preconsultiva, donde se prev\u00e9 que el pr\u00f3ximo 18 de abril se concluya con el total de visitas programadas de esta etapa en el calendario de trabajo.<\/p>\n\n\n\n<p>Eduardo Castillo dio a conocer que este proceso, donde participan de manera conjunta y coordinada personal del Congreso del Estado, la Secretar\u00eda de Educaci\u00f3n y el Instituto Poblano de los Pueblos Ind\u00edgenas, no se limitar\u00e1 a los art\u00edculos declarados inconstitucionales, ya que tendr\u00e1 un car\u00e1cter abierto para facilitar el di\u00e1logo y la participaci\u00f3n de la poblaci\u00f3n.<br>Para lograr este objetivo, el Proceso de Consulta, consta de las siguientes etapas:<\/p>\n\n\n\n<p>Etapa Preparatoria<br>Donde la Autoridad Responsable y las Instancias que correspondan, har\u00e1n llegar toda la informaci\u00f3n relacionada con las medidas legislativas impugnadas, as\u00ed como de la relativa a los pueblos y comunidades ind\u00edgenas y afromexicanas del Estado de Puebla; con el objetivo de sistematizar los datos necesarios para generar las condiciones b\u00e1sicas, que permitan desarrollar el Proceso de Consulta<\/p>\n\n\n\n<p>Etapa Preconsultiva o de actos y acuerdos previos (del 18 de enero al 18 de abril)<br>Esta etapa se desarrolla de manera participativa, con la realizaci\u00f3n de 19 foros regionales por Pueblo Ind\u00edgena, en donde a trav\u00e9s del trabajo en plenarias y de mesas con los sujetos consultados se presentar\u00e1 el protocolo y se tomar\u00e1n acuerdos de sus contenidos y documentos relacionados, a fin de saber si otorgan el consentimiento para la realizaci\u00f3n del proceso de consulta.<\/p>\n\n\n\n<p>En este sentido, el diputado Eduardo Castillo se\u00f1al\u00f3 que hasta el momento se han realizado 17 de 19 visitas a pueblos y comunidades ind\u00edgenas. Se prev\u00e9 que el pr\u00f3ximo 18 de abril se concluya con el total de visitas programadas en el calendario de trabajo.<\/p>\n\n\n\n<p>San Marcos Tlacoyalco, San Felipe Otlatepec, San Pablito Pahuatl\u00e1n, Mazatzongo de Guerrero, Chigmecatitl\u00e1n, Mecapalapa, Zacapoaxtla, Cuautempan, Cuetzalan, Huatlatlauca, Huauchinango, Zoquitl\u00e1n, Altepexi, Quimixtlan , San Miguel Canoa, Atlixco y Ahuacatl\u00e1n<\/p>\n\n\n\n<p>Etapa Informativa (del 21 de abril al 12 de mayo)<br>En esta etapa se llevar\u00e1n a cabo 7 foros regionales donde se proporcionar\u00e1 a los sujetos consultados toda la informaci\u00f3n que se disponga respecto de los temas a consultar, a fin de propiciar la reflexi\u00f3n, debate y consenso de las propuestas, donde a trav\u00e9s de plenarias y trabajo participativo de mesas, se presentar\u00e1 el protocolo y convocatoria, corregidos y avalados en la etapa anterior de acuerdos previos, para que los representantes ind\u00edgenas y afromexicanos, lo conozcan, reflexionen y hagan sus an\u00e1lisis iniciales, para tomar acuerdos y llevar esta informaci\u00f3n a cada una de las comunidades ind\u00edgenas y afromexicanas representadas y participantes para su conocimiento y reflexi\u00f3n de sus contenidos.<\/p>\n\n\n\n<p>Etapa Deliberativa (del 15 al 19 de mayo)<br>Se desarrollar\u00e1n asambleas y reuniones comunitarias para deliberar interna y abiertamente con todas y todos los ciudadanos sus acuerdos, propuestas, observaciones y adhesiones que consideren pertinentes hacer en las leyes en menci\u00f3n.<\/p>\n\n\n\n<p>Etapa Consultiva o fase de di\u00e1logo (30 de mayo al 13 de junio)<br>Se realizar\u00e1 a trav\u00e9s de 7 Foros Regionales de Consulta; en la que se recibir\u00e1n las propuestas, sugerencias, observaciones y contenidos normativos espec\u00edficos, generados en la etapa anterior &#8211; deliberativa- en las mesas de trabajo o que por separado deseen formular los participantes.<\/p>\n\n\n\n<p>Etapa de Seguimiento de Acuerdos (Del 15 de junio al 30 de junio)<br>Para el seguimiento de los acuerdos y consensos alcanzados en el proceso de consulta, se elegir\u00e1 una Comisi\u00f3n de Seguimiento que tendr\u00e1 el objetivo de establecer los di\u00e1logos con las instancias de debate y decisi\u00f3n; asimismo, ser\u00e1 la encargada de impulsar la deliberaci\u00f3n y an\u00e1lisis de las propuestas de Reforma y, en su caso, las reformas a las leyes secundarias que correspondan.<\/p>\n","protected":false},"excerpt":{"rendered":"<p>El Congreso del Estado presenta avances importantes en la realizaci\u00f3n del Proceso de Consulta para las reformas a la Ley de Derechos, Cultura y Desarrollo de los Pueblos y Comunidades Ind\u00edgenas; y la Ley de Educaci\u00f3n, afirm\u00f3 el diputado presidente de la Junta de Gobierno y Coordinaci\u00f3n Pol\u00edtica del Congreso del Estado, Eduardo Castillo L\u00f3pez. [&hellip;]<\/p>\n","protected":false},"author":4,"featured_media":24747,"comment_status":"open","ping_status":"open","sticky":false,"template":"","format":"standard","meta":{"om_disable_all_campaigns":false,"_monsterinsights_skip_tracking":false,"_monsterinsights_sitenote_active":false,"_monsterinsights_sitenote_note":"","_monsterinsights_sitenote_category":0,"footnotes":""},"categories":[175],"tags":[227,223],"class_list":["post-24746","post","type-post","status-publish","format-standard","has-post-thumbnail","hentry","category-local","tag-congreso","tag-puebla"],"amp_enabled":true,"_links":{"self":[{"href":"https:\/\/lahora.mx\/index.php\/wp-json\/wp\/v2\/posts\/24746","targetHints":{"allow":["GET"]}}],"collection":[{"href":"https:\/\/lahora.mx\/index.php\/wp-json\/wp\/v2\/posts"}],"about":[{"href":"https:\/\/lahora.mx\/index.php\/wp-json\/wp\/v2\/types\/post"}],"author":[{"embeddable":true,"href":"https:\/\/lahora.mx\/index.php\/wp-json\/wp\/v2\/users\/4"}],"replies":[{"embeddable":true,"href":"https:\/\/lahora.mx\/index.php\/wp-json\/wp\/v2\/comments?post=24746"}],"version-history":[{"count":1,"href":"https:\/\/lahora.mx\/index.php\/wp-json\/wp\/v2\/posts\/24746\/revisions"}],"predecessor-version":[{"id":24748,"href":"https:\/\/lahora.mx\/index.php\/wp-json\/wp\/v2\/posts\/24746\/revisions\/24748"}],"wp:featuredmedia":[{"embeddable":true,"href":"https:\/\/lahora.mx\/index.php\/wp-json\/wp\/v2\/media\/24747"}],"wp:attachment":[{"href":"https:\/\/lahora.mx\/index.php\/wp-json\/wp\/v2\/media?parent=24746"}],"wp:term":[{"taxonomy":"category","embeddable":true,"href":"https:\/\/lahora.mx\/index.php\/wp-json\/wp\/v2\/categories?post=24746"},{"taxonomy":"post_tag","embeddable":true,"href":"https:\/\/lahora.mx\/index.php\/wp-json\/wp\/v2\/tags?post=24746"}],"curies":[{"name":"wp","href":"https:\/\/api.w.org\/{rel}","templated":true}]}}