{"id":24731,"date":"2023-04-11T23:11:56","date_gmt":"2023-04-11T23:11:56","guid":{"rendered":"http:\/\/lahora.mx\/?p=24731"},"modified":"2023-04-11T23:11:56","modified_gmt":"2023-04-11T23:11:56","slug":"auto-tren-estara-listo-para-mundial-de-voleibol-en-tlaxcala","status":"publish","type":"post","link":"https:\/\/lahora.mx\/index.php\/2023\/04\/11\/auto-tren-estara-listo-para-mundial-de-voleibol-en-tlaxcala\/","title":{"rendered":"Auto tren estar\u00e1 listo para mundial de voleibol en Tlaxcala"},"content":{"rendered":"\n<p>Ser\u00e1 para el pr\u00f3ximo octubre que el auto tren anunciado por la gobernadora, Lorena Cu\u00e9llar Cisneros para la capital del estado, inicie sus operaciones de acuerdo con lo que dio a conocer el titular de la Secretar\u00eda de Infraestructura, Alfonso S\u00e1nchez Garc\u00eda.<\/p>\n\n\n\n<p>El funcionario estatal afirm\u00f3 que los trabajos para la implementaci\u00f3n del auto tren, dar\u00e1n inicio en mayo pr\u00f3ximo y tendr\u00e1 un aproximado de cinco meses para culminar con las adecuaciones de la infraestructura para este importante proyecto.<\/p>\n\n\n\n<p>De esta manera, el auto tren estar\u00e1 listo cuando el mundial de voleibol de inicio en el mes de octubre, siendo un atractivo m\u00e1s para quienes visitar\u00e1n al entidad.<\/p>\n\n\n\n<p>Esta ser\u00e1 la primera etapa de este proyecto encaminado a mejorar la movilidad en la capital tlaxcalteca.<\/p>\n","protected":false},"excerpt":{"rendered":"<p>Ser\u00e1 para el pr\u00f3ximo octubre que el auto tren anunciado por la gobernadora, Lorena Cu\u00e9llar Cisneros para la capital del estado, inicie sus operaciones de acuerdo con lo que dio a conocer el titular de la Secretar\u00eda de Infraestructura, Alfonso S\u00e1nchez Garc\u00eda. El funcionario estatal afirm\u00f3 que los trabajos para la implementaci\u00f3n del auto tren, [&hellip;]<\/p>\n","protected":false},"author":4,"featured_media":24732,"comment_status":"open","ping_status":"open","sticky":false,"template":"","format":"standard","meta":{"om_disable_all_campaigns":false,"_monsterinsights_skip_tracking":false,"_monsterinsights_sitenote_active":false,"_monsterinsights_sitenote_note":"","_monsterinsights_sitenote_category":0,"footnotes":""},"categories":[175],"tags":[223,210],"class_list":["post-24731","post","type-post","status-publish","format-standard","has-post-thumbnail","hentry","category-local","tag-puebla","tag-tlaxcala"],"amp_enabled":true,"_links":{"self":[{"href":"https:\/\/lahora.mx\/index.php\/wp-json\/wp\/v2\/posts\/24731","targetHints":{"allow":["GET"]}}],"collection":[{"href":"https:\/\/lahora.mx\/index.php\/wp-json\/wp\/v2\/posts"}],"about":[{"href":"https:\/\/lahora.mx\/index.php\/wp-json\/wp\/v2\/types\/post"}],"author":[{"embeddable":true,"href":"https:\/\/lahora.mx\/index.php\/wp-json\/wp\/v2\/users\/4"}],"replies":[{"embeddable":true,"href":"https:\/\/lahora.mx\/index.php\/wp-json\/wp\/v2\/comments?post=24731"}],"version-history":[{"count":1,"href":"https:\/\/lahora.mx\/index.php\/wp-json\/wp\/v2\/posts\/24731\/revisions"}],"predecessor-version":[{"id":24733,"href":"https:\/\/lahora.mx\/index.php\/wp-json\/wp\/v2\/posts\/24731\/revisions\/24733"}],"wp:featuredmedia":[{"embeddable":true,"href":"https:\/\/lahora.mx\/index.php\/wp-json\/wp\/v2\/media\/24732"}],"wp:attachment":[{"href":"https:\/\/lahora.mx\/index.php\/wp-json\/wp\/v2\/media?parent=24731"}],"wp:term":[{"taxonomy":"category","embeddable":true,"href":"https:\/\/lahora.mx\/index.php\/wp-json\/wp\/v2\/categories?post=24731"},{"taxonomy":"post_tag","embeddable":true,"href":"https:\/\/lahora.mx\/index.php\/wp-json\/wp\/v2\/tags?post=24731"}],"curies":[{"name":"wp","href":"https:\/\/api.w.org\/{rel}","templated":true}]}}