{"id":24725,"date":"2023-04-11T23:06:25","date_gmt":"2023-04-11T23:06:25","guid":{"rendered":"http:\/\/lahora.mx\/?p=24725"},"modified":"2023-04-11T23:06:25","modified_gmt":"2023-04-11T23:06:25","slug":"vicente-fox-llama-pinocho-nariz-larga-a-amlo","status":"publish","type":"post","link":"https:\/\/lahora.mx\/index.php\/2023\/04\/11\/vicente-fox-llama-pinocho-nariz-larga-a-amlo\/","title":{"rendered":"Vicente Fox llama \u201cPinocho, nariz larga\u201d a AMLO"},"content":{"rendered":"\n<p class=\"wp-block-paragraph\"><\/p>\n\n\n\n<p class=\"wp-block-paragraph\">El presidente Andr\u00e9s Manuel L\u00f3pez Obrador inform\u00f3 que se investigan 63 permisos que la Comisi\u00f3n Federal para la Protecci\u00f3n contra Riesgos Sanitarios (Cofepris) entreg\u00f3 cinco d\u00edas antes de terminar el sexenio de Enrique Pe\u00f1a Nieto a empresas vinculadas con el exmandatario Vicente Fox, para comercializar productos derivados de cannabis.<\/p>\n\n\n\n<p class=\"wp-block-paragraph\">En su conferencia ma\u00f1anera de este martes en Palacio Nacional, L\u00f3pez Obrador asegur\u00f3 que la Cofepris entreg\u00f3 los permisos a \u201cempresas vinculadas con la familia Fox\u201d para comercializar productos derivados de la cannabis.<\/p>\n\n\n\n<p class=\"wp-block-paragraph\">L\u00f3pez Obrador acus\u00f3 que el inter\u00e9s del expresidente Vicente Fox para la despenalizaci\u00f3n de la marihuana es solo por inter\u00e9s econ\u00f3mico.<\/p>\n\n\n\n<p class=\"wp-block-paragraph\">Fox califica de \u201cPinocho\u201d a AMLO<br>Tras lo afirmado por L\u00f3pez Obrador en su ma\u00f1anera, el expresidente Fox lo llam\u00f3 \u201cPinocho, nariz larga y mentiroso\u201d.<\/p>\n\n\n\n<p class=\"wp-block-paragraph\">\u201cEres un Pinocho, nariz larga y mentiroso. Revisa Cofepris, es tu propia informaci\u00f3n\u201d, agreg\u00f3 el exmandatario de M\u00e9xico.<\/p>\n\n\n\n<p class=\"wp-block-paragraph\">\u201cL\u00f3pez no pierdas el tiempo en discutir sobre la familia Fox\u2026\u2026..Porque no legalizar por completo el tema del cannabis\u2026\u201d, escribi\u00f3 Fox en otro mensaje.<\/p>\n\n\n\n<p class=\"wp-block-paragraph\">\u201cL\u00f3pez, eres el gran mentiroso de las ma\u00f1aneras!! Te reto a presentar pruebas o callarte el hocico!!!\u201d, escribi\u00f3.<\/p>\n","protected":false},"excerpt":{"rendered":"<p>El presidente Andr\u00e9s Manuel L\u00f3pez Obrador inform\u00f3 que se investigan 63 permisos que la Comisi\u00f3n Federal para la Protecci\u00f3n contra Riesgos Sanitarios (Cofepris) entreg\u00f3 cinco d\u00edas antes de terminar el sexenio de Enrique Pe\u00f1a Nieto a empresas vinculadas con el exmandatario Vicente Fox, para comercializar productos derivados de cannabis. En su conferencia ma\u00f1anera de este [&hellip;]<\/p>\n","protected":false},"author":4,"featured_media":24726,"comment_status":"open","ping_status":"open","sticky":false,"template":"","format":"standard","meta":{"om_disable_all_campaigns":false,"_monsterinsights_skip_tracking":false,"footnotes":""},"categories":[176],"tags":[],"class_list":["post-24725","post","type-post","status-publish","format-standard","has-post-thumbnail","hentry","category-nacional"],"amp_enabled":true,"_links":{"self":[{"href":"https:\/\/lahora.mx\/index.php\/wp-json\/wp\/v2\/posts\/24725","targetHints":{"allow":["GET"]}}],"collection":[{"href":"https:\/\/lahora.mx\/index.php\/wp-json\/wp\/v2\/posts"}],"about":[{"href":"https:\/\/lahora.mx\/index.php\/wp-json\/wp\/v2\/types\/post"}],"author":[{"embeddable":true,"href":"https:\/\/lahora.mx\/index.php\/wp-json\/wp\/v2\/users\/4"}],"replies":[{"embeddable":true,"href":"https:\/\/lahora.mx\/index.php\/wp-json\/wp\/v2\/comments?post=24725"}],"version-history":[{"count":1,"href":"https:\/\/lahora.mx\/index.php\/wp-json\/wp\/v2\/posts\/24725\/revisions"}],"predecessor-version":[{"id":24727,"href":"https:\/\/lahora.mx\/index.php\/wp-json\/wp\/v2\/posts\/24725\/revisions\/24727"}],"wp:featuredmedia":[{"embeddable":true,"href":"https:\/\/lahora.mx\/index.php\/wp-json\/wp\/v2\/media\/24726"}],"wp:attachment":[{"href":"https:\/\/lahora.mx\/index.php\/wp-json\/wp\/v2\/media?parent=24725"}],"wp:term":[{"taxonomy":"category","embeddable":true,"href":"https:\/\/lahora.mx\/index.php\/wp-json\/wp\/v2\/categories?post=24725"},{"taxonomy":"post_tag","embeddable":true,"href":"https:\/\/lahora.mx\/index.php\/wp-json\/wp\/v2\/tags?post=24725"}],"curies":[{"name":"wp","href":"https:\/\/api.w.org\/{rel}","templated":true}]}}