{"id":24710,"date":"2023-04-11T22:53:38","date_gmt":"2023-04-11T22:53:38","guid":{"rendered":"http:\/\/lahora.mx\/?p=24710"},"modified":"2023-04-11T22:53:39","modified_gmt":"2023-04-11T22:53:39","slug":"gobierno-de-puebla-paga-a-shcp-2600-mdp-por-boquete-fiscal-creado-por-rmv","status":"publish","type":"post","link":"https:\/\/lahora.mx\/index.php\/2023\/04\/11\/gobierno-de-puebla-paga-a-shcp-2600-mdp-por-boquete-fiscal-creado-por-rmv\/","title":{"rendered":"Gobierno de Puebla paga a SHCP 2600 mdp por boquete fiscal creado por RMV"},"content":{"rendered":"\n<p>El gobierno de Puebla pag\u00f3 2 mil 600 millones de pesos a la Secretar\u00eda de Hacienda y Cr\u00e9dito P\u00fablico (SHCP), \u00abpor un manejo indebido, por una falta de pago que la administraci\u00f3n estatal debi\u00f3 hacer en el a\u00f1o 2015\u00bb, cuando era gobernador Rafael Moreno Valle Rosas, dijo esta ma\u00f1ana el gobernador Sergio Salom\u00f3n C\u00e9spedes Peregrina.<\/p>\n\n\n\n<p>Desde el inicio de la administraci\u00f3n de Moreno Valle y hasta marzo de 2015 la Secretar\u00eda de Finanzas de Puebla estuvo encabezada por Roberto Moya Clemente, quien en ese mes busc\u00f3 una diputaci\u00f3n plurinominal por el Partido Acci\u00f3n Nacional (PAN). A su salida, Roberto Rivero Trewartha, quien era titular de la Secretar\u00eda de Salud, qued\u00f3 al frente de Finanzas y Administraci\u00f3n.<br>Moya Clemente perdi\u00f3 en las elecciones y regres\u00f3 a la administraci\u00f3n de Moreno Valle como Jefe de la Oficina del gobernador. Rivero Trewartha estuvo al frente de Finanzas y Administraci\u00f3n hasta noviembre de 2015, mes en el que fue relevado por Guillermo Edmundo Bernal, quien muri\u00f3 el viernes 8 de enero de 2022.<\/p>\n\n\n\n<p>De acuerdo con Mar\u00eda Teresa Castro Corro, titular de la Secretar\u00eda de Planeaci\u00f3n y Finanzas de Puebla, en 2015 la administraci\u00f3n de Moreno Valle contrat\u00f3 a un despacho en asesor\u00eda fiscal que recomend\u00f3 gestionar ante el SAT la devoluci\u00f3n de impuestos correspondientes a los ejercicios fiscales de 2009 y 2010.<\/p>\n\n\n\n<p>A finales 2015 el SAT devolvi\u00f3 una parte de esos recursos y en los primeros meses de 2016 regres\u00f3 otra parte; la suma de ambas devoluciones alcanz\u00f3 los 702 millones de pesos.<br>Al despacho se le pag\u00f3 un bono, por caso de \u00e9xito, de un porcentaje sobre esos 702 millones de pesos. En 2018, ya en la gesti\u00f3n de Antonio Gali Fayad, el SAT determin\u00f3 que la devoluci\u00f3n fue incorrecta porque se sustent\u00f3 en una disposici\u00f3n de 2008, a\u00f1o en el que el gobierno de Puebla no estaba adherido a las disposiciones fiscales, algo que hizo hasta 2011.<\/p>\n\n\n\n<p>Castro Corro afirm\u00f3 que al no tener la legalidad que sustente el acto reclamado, el gobierno federal lo tom\u00f3 como un acto de dolo y lo determin\u00f3 como un cr\u00e9dito fiscal en el que el gobierno de Puebla ten\u00eda dos opciones: pagar o litigar.<\/p>\n\n\n\n<p>La entonces gesti\u00f3n estatal determin\u00f3 litigarlo, algo que, afirm\u00f3 la funcionaria, cuesta a al gobierno de Puebla alrededor entre 20 y 30 millones de pesos que se van acumulando y as\u00ed comenz\u00f3 el litigio que pas\u00f3 de ser un beneficio de 702 millones de pesos a un adeudo de 2 mil 700 millones de pesos.<\/p>\n\n\n\n<p>Castro Corro dijo que el 5 de abril el gobierno estatal decidi\u00f3 pagar los recursos reclamados por las autoridades federales, ya que de no hacerlo se incurrir\u00eda en un acto penal.<\/p>\n\n\n\n<p>Fue as\u00ed como la actual administraci\u00f3n del gobierno de Puebla, encabezada por Sergio Salom\u00f3n C\u00e9spedes Peregrina termin\u00f3 pagando 2 mil 600 millones de pesos y, asegur\u00f3 el gobernador, ya iniciaron las acciones para determinar la responsabilidad administrativa y penal de los ex funcionarios responsables.<\/p>\n","protected":false},"excerpt":{"rendered":"<p>El gobierno de Puebla pag\u00f3 2 mil 600 millones de pesos a la Secretar\u00eda de Hacienda y Cr\u00e9dito P\u00fablico (SHCP), \u00abpor un manejo indebido, por una falta de pago que la administraci\u00f3n estatal debi\u00f3 hacer en el a\u00f1o 2015\u00bb, cuando era gobernador Rafael Moreno Valle Rosas, dijo esta ma\u00f1ana el gobernador Sergio Salom\u00f3n C\u00e9spedes Peregrina. [&hellip;]<\/p>\n","protected":false},"author":4,"featured_media":24711,"comment_status":"open","ping_status":"open","sticky":false,"template":"","format":"standard","meta":{"om_disable_all_campaigns":false,"_monsterinsights_skip_tracking":false,"_monsterinsights_sitenote_active":false,"_monsterinsights_sitenote_note":"","_monsterinsights_sitenote_category":0,"footnotes":""},"categories":[175],"tags":[195,223],"class_list":["post-24710","post","type-post","status-publish","format-standard","has-post-thumbnail","hentry","category-local","tag-principal","tag-puebla"],"amp_enabled":true,"_links":{"self":[{"href":"https:\/\/lahora.mx\/index.php\/wp-json\/wp\/v2\/posts\/24710","targetHints":{"allow":["GET"]}}],"collection":[{"href":"https:\/\/lahora.mx\/index.php\/wp-json\/wp\/v2\/posts"}],"about":[{"href":"https:\/\/lahora.mx\/index.php\/wp-json\/wp\/v2\/types\/post"}],"author":[{"embeddable":true,"href":"https:\/\/lahora.mx\/index.php\/wp-json\/wp\/v2\/users\/4"}],"replies":[{"embeddable":true,"href":"https:\/\/lahora.mx\/index.php\/wp-json\/wp\/v2\/comments?post=24710"}],"version-history":[{"count":1,"href":"https:\/\/lahora.mx\/index.php\/wp-json\/wp\/v2\/posts\/24710\/revisions"}],"predecessor-version":[{"id":24712,"href":"https:\/\/lahora.mx\/index.php\/wp-json\/wp\/v2\/posts\/24710\/revisions\/24712"}],"wp:featuredmedia":[{"embeddable":true,"href":"https:\/\/lahora.mx\/index.php\/wp-json\/wp\/v2\/media\/24711"}],"wp:attachment":[{"href":"https:\/\/lahora.mx\/index.php\/wp-json\/wp\/v2\/media?parent=24710"}],"wp:term":[{"taxonomy":"category","embeddable":true,"href":"https:\/\/lahora.mx\/index.php\/wp-json\/wp\/v2\/categories?post=24710"},{"taxonomy":"post_tag","embeddable":true,"href":"https:\/\/lahora.mx\/index.php\/wp-json\/wp\/v2\/tags?post=24710"}],"curies":[{"name":"wp","href":"https:\/\/api.w.org\/{rel}","templated":true}]}}