{"id":24707,"date":"2023-04-11T22:43:14","date_gmt":"2023-04-11T22:43:14","guid":{"rendered":"http:\/\/lahora.mx\/?p=24707"},"modified":"2023-04-11T22:43:14","modified_gmt":"2023-04-11T22:43:14","slug":"auntamiento-de-puebla-y-sindicato-benito-juarez-acuerdan-nueva-mejora-salarial","status":"publish","type":"post","link":"https:\/\/lahora.mx\/index.php\/2023\/04\/11\/auntamiento-de-puebla-y-sindicato-benito-juarez-acuerdan-nueva-mejora-salarial\/","title":{"rendered":"Auntamiento de Puebla y sindicato benito Ju\u00e1rez acuerdan nueva mejora salarial"},"content":{"rendered":"\n<p>Con un incremento directo del 4% al sueldo base, agremiados del Sindicato de Trabajadores Benito Ju\u00e1rez celebraron las mejoras salariales que les otorg\u00f3 para este 2023 Eduardo Rivera P\u00e9rez, Presidente Municipal de Puebla, luego de una nueva negociaci\u00f3n contractual con su secretario general, Gonzalo Ju\u00e1rez M\u00e9ndez.<\/p>\n\n\n\n<p>\u00abFelicito y reconozco a todas y todos los trabajadores del Sindicato; su compromiso admirable y necesario\u00bb, por ello, adem\u00e1s de este incremento se les entregar\u00e1 un pago por concepto de vale de despensa equivalente a dos mil 420 pesos, por \u00fanica ocasi\u00f3n, revel\u00f3 el Alcalde ante el gremio, luego de agradecerles su trabajo en equipo \u00abporque ha habido responsabilidad, di\u00e1logo y disposici\u00f3n por alcanzar lo mejor\u00bb.<\/p>\n\n\n\n<p>En este sentido, Ju\u00e1rez M\u00e9ndez calific\u00f3 esta nueva revisi\u00f3n contractual como \u00abun motivo para estar de fiesta\u00bb, al considerar que estos est\u00edmulos econ\u00f3micos &#8211;que se ver\u00e1n reflejados el 30 de abril del presente a\u00f1o&#8211; reconocen el valor de la vida sindical; su uni\u00f3n, libertad, voluntad y esfuerzo en favor del buen rumbo de Puebla.<\/p>\n\n\n\n<p>Cabe recordar que, el pasado 22 de marzo de 2022 se logr\u00f3 una primera negociaci\u00f3n salarial que le otorg\u00f3 al gremio un incremento del 4.5% a su sueldo base y 6% a la aportaci\u00f3n de seguridad social, adem\u00e1s de bonos, m\u00e1s d\u00edas de permiso y de prima vacacional, vales de despensa y apoyos en transporte, \u00fatiles escolares y canasta b\u00e1sica; no ha habido aumento de beneficios parecidos para los trabajadores sindicalizados en los \u00faltimos 10 a\u00f1os.<\/p>\n\n\n\n<p>La revisi\u00f3n contractual para este 2023 tambi\u00e9n estuvo firmada de manera simb\u00f3lica por Bernardo Arrubarrena Garc\u00eda, Secretario de Administraci\u00f3n y Tecnolog\u00edas de la Informaci\u00f3n; y Guadalupe Arrubarrena Garc\u00eda, S\u00edndica Municipal. Asimismo, acompa\u00f1aron este acto Carlos Montiel Solana, Coordinador de las Regidur\u00edas; y Luis Casta\u00f1eda S\u00e1nchez, Magistrado Presidente del Tribunal de Conciliaci\u00f3n y Arbitraje del Municipio de Puebla, as\u00ed como Regidoras e integrantes del Gabinete Municipal.<\/p>\n","protected":false},"excerpt":{"rendered":"<p>Con un incremento directo del 4% al sueldo base, agremiados del Sindicato de Trabajadores Benito Ju\u00e1rez celebraron las mejoras salariales que les otorg\u00f3 para este 2023 Eduardo Rivera P\u00e9rez, Presidente Municipal de Puebla, luego de una nueva negociaci\u00f3n contractual con su secretario general, Gonzalo Ju\u00e1rez M\u00e9ndez. \u00abFelicito y reconozco a todas y todos los trabajadores [&hellip;]<\/p>\n","protected":false},"author":4,"featured_media":24708,"comment_status":"open","ping_status":"open","sticky":false,"template":"","format":"standard","meta":{"om_disable_all_campaigns":false,"_monsterinsights_skip_tracking":false,"_monsterinsights_sitenote_active":false,"_monsterinsights_sitenote_note":"","_monsterinsights_sitenote_category":0,"footnotes":""},"categories":[175],"tags":[223],"class_list":["post-24707","post","type-post","status-publish","format-standard","has-post-thumbnail","hentry","category-local","tag-puebla"],"amp_enabled":true,"_links":{"self":[{"href":"https:\/\/lahora.mx\/index.php\/wp-json\/wp\/v2\/posts\/24707","targetHints":{"allow":["GET"]}}],"collection":[{"href":"https:\/\/lahora.mx\/index.php\/wp-json\/wp\/v2\/posts"}],"about":[{"href":"https:\/\/lahora.mx\/index.php\/wp-json\/wp\/v2\/types\/post"}],"author":[{"embeddable":true,"href":"https:\/\/lahora.mx\/index.php\/wp-json\/wp\/v2\/users\/4"}],"replies":[{"embeddable":true,"href":"https:\/\/lahora.mx\/index.php\/wp-json\/wp\/v2\/comments?post=24707"}],"version-history":[{"count":1,"href":"https:\/\/lahora.mx\/index.php\/wp-json\/wp\/v2\/posts\/24707\/revisions"}],"predecessor-version":[{"id":24709,"href":"https:\/\/lahora.mx\/index.php\/wp-json\/wp\/v2\/posts\/24707\/revisions\/24709"}],"wp:featuredmedia":[{"embeddable":true,"href":"https:\/\/lahora.mx\/index.php\/wp-json\/wp\/v2\/media\/24708"}],"wp:attachment":[{"href":"https:\/\/lahora.mx\/index.php\/wp-json\/wp\/v2\/media?parent=24707"}],"wp:term":[{"taxonomy":"category","embeddable":true,"href":"https:\/\/lahora.mx\/index.php\/wp-json\/wp\/v2\/categories?post=24707"},{"taxonomy":"post_tag","embeddable":true,"href":"https:\/\/lahora.mx\/index.php\/wp-json\/wp\/v2\/tags?post=24707"}],"curies":[{"name":"wp","href":"https:\/\/api.w.org\/{rel}","templated":true}]}}