{"id":24704,"date":"2023-04-11T22:39:14","date_gmt":"2023-04-11T22:39:14","guid":{"rendered":"http:\/\/lahora.mx\/?p=24704"},"modified":"2023-04-11T22:39:15","modified_gmt":"2023-04-11T22:39:15","slug":"una-demanda-colectiva-por-danos-por-la-vacuna-del-covid-19","status":"publish","type":"post","link":"https:\/\/lahora.mx\/index.php\/2023\/04\/11\/una-demanda-colectiva-por-danos-por-la-vacuna-del-covid-19\/","title":{"rendered":"Una demanda colectiva por da\u00f1os por la vacuna del Covid-19"},"content":{"rendered":"\n<p class=\"wp-block-paragraph\">Helmut, de 71 a\u00f1os, sufri\u00f3 una infecci\u00f3n por herpes z\u00f3ster en la zona tor\u00e1cica despu\u00e9s de recibir la segunda dosis de la vacuna contra el Covid-19 de la marca BionTech. Adem\u00e1s de la fiebre, le causaba dolor el roce de la ropa, por lo que tuvo que pasar casi un mes sin salir de casa y sin poder vestirse. Su m\u00e9dico de cabecera deriv\u00f3 el caso a un hospital de Berl\u00edn, en el que se le inform\u00f3 que el herpes z\u00f3ster se manifestaba como consecuencia y reacci\u00f3n a la vacuna.<\/p>\n\n\n\n<p class=\"wp-block-paragraph\">Helmut, que acept\u00f3 la vacuna a rega\u00f1adientes y por presi\u00f3n del gobierno alem\u00e1n, que dict\u00f3 numerosas restricciones para los ciudadanos no vacunados, decidi\u00f3 entonces tomar medidas legales. La proliferaci\u00f3n de este tipo de casos, fruto de los efectos secundarios de la vacuna, ha llevado a varios abogados alemanes a reunir fuerzas y presentar una demanda colectiva en la que piden indemnizaciones cuantiosas para los afectados.<\/p>\n\n\n\n<p class=\"wp-block-paragraph\">Las primeras 185 demandas civiles contra la empresa qu\u00edmica alemana BionTech, con sede en Maguncia, ser\u00e1n presentadas a final de este mes y dar\u00e1n pie al primer juicio por presunto da\u00f1o de la vacuna. Dos bufetes de abogados de D\u00fcsseldorf y Wiesbaden, que representan 135 y 50 casos respectivamente, planean extender adem\u00e1s las demandas contra los cuatro principales fabricantes de vacunas.<\/p>\n\n\n\n<p class=\"wp-block-paragraph\">Dependiendo del resultado de este primer juicio, puede abrirse o no campo jur\u00eddico para demandas colectivas en el mundo entero. Las vacunas que se desarrollaron a toda prisa y que en su momento llegaron como salvaci\u00f3n contra la pandemia, ser\u00e1n ahora puestas a prueba ante los tribunales y peritos de la defensa y la acusaci\u00f3n tendr\u00e1n que esclarecer si fue o no peor el remedio que la enfermedad.<\/p>\n\n\n\n<p class=\"wp-block-paragraph\">El primer juicio comenzar\u00e1 el 28 de abril ante el Tribunal Regional de Frankfurt. La demandada es la fabricante de vacunas Biontech y la primera demandante es una mujer que asegura haber sufrido da\u00f1o card\u00edaco a consecuencia de la vacunaci\u00f3n, a cuya demanda se asocia el resto. La mujer, que, seg\u00fan su abogado trabaja en una profesi\u00f3n m\u00e9dica, quiere permanecer en el anonimato. Alega que se vio obligada a vacunarse para no perder su empleo y culpa a la empresa de haber puesto en el mercado una vacuna cuyos efectos secundarios no hab\u00edan sido suficientemente estudiados. El quid de la cuesti\u00f3n ser\u00e1 si sus abogados pueden demostrar la causalidad, si existe una conexi\u00f3n directa entre la vacunaci\u00f3n y el da\u00f1o, adem\u00e1s de que queden excluidas y descartadas el resto de posibles causas.<\/p>\n\n\n\n<p class=\"wp-block-paragraph\">El bufete de abogados de D\u00fcsseldorf asegura que ha registrado alrededor de 3.000 consultas de posibles casos, que resultaron en 810 mandatos efectivos, de los cuales 135 ir\u00e1n a juicio. El bufete de abogados de Wiesbaden, por su parte ha recibido 850 mandatos de clientes que se traducir\u00e1n en las 50 demandas restantes. Cientos de casos fueron rechazados por la escasa esperanza de victoria judicial y los abogados calculan que miles m\u00e1s pueden sumarse en el futuro si la sentencia es favorable a sus demandas. Y conf\u00edan en que as\u00ed sea, porque a pesar del momento de excepci\u00f3n sanitaria que se viv\u00eda cuando la primera de las vacunas fue puesta en circulaci\u00f3n, esta est\u00e1 sometida a la Ley del Medicamento y la ley de Responsabilidad sobre el producto, como el resto de las medicinas que se comercializan en Alemania, de manera que el fabricante es considerado responsable si se comete alg\u00fan tipo de error de producci\u00f3n.<\/p>\n\n\n\n<p class=\"wp-block-paragraph\">\u00abAsistiremos seguramente a una batalla de expertos\u00bb, ha adelantado el abogado Tobias Ulbrich a Tagesspiegel. La agencia alemana DPA ha bautizado el proceso como \u00abjuicio dinosaurio\u00bb por las enormes consecuencias de jurisprudencia que dependen de su sentencia.<\/p>\n\n\n\n<p class=\"wp-block-paragraph\">Los abogados de la defensa, por su parte, conf\u00edan en que esa sentencia reconocer\u00e1 que \u00abhasta el momento, en ninguno de los casos examinados por Biontech se ha demostrado una conexi\u00f3n causal entre los problemas de salud descritos y la vacunaci\u00f3n\u00bb. \u00abNos tomamos muy en serio nuestra responsabilidad como fabricantes de vacunas\u00bb, ha dicho una portavoz de la empresa, \u00abBiontech examina cuidadosamente cada caso en el que se presentan reclamaciones, pero el requisito previo es que los abogados presenten suficientes documentos\u00bb. La estrategia de la defensa ser\u00e1 pedir que cada caso sea evaluado de manera individual: \u00abpodemos confiar \u00fanicamente en los hechos m\u00e9dicos para determinar si existe una relaci\u00f3n causal o no y, desafortunadamente, eso es exactamente lo que falta en casi todos los casos\u00bb.<\/p>\n\n\n\n<p class=\"wp-block-paragraph\">Vapear es perjudicial para la salud y si es mentolado es incluso peor<br>El Gobierno da luz verde a la ley de ense\u00f1anzas art\u00edsticas, que las equipara con los grados universitarios<br>\u00c1ngela Rodr\u00edguez &#8216;Pam&#8217;, sobre los cambios del \u00abs\u00f3lo s\u00ed es s\u00ed\u00bb: \u00abNinguna modificaci\u00f3n puede evitar ahora las rebajas o excarcelaciones\u00bb<br>Adem\u00e1s de trastornos leves como fiebre, dolor de cabeza, congesti\u00f3n y dolor muscular en los d\u00edas posteriores a la aplicaci\u00f3n de la vacuna, sobre los que advert\u00eda el fabricante, los efectos secundarios m\u00e1s frecuentes entre los demandantes son cefaleas, mareos, mialgias, artralgias, infecciones cut\u00e1neas y alteraciones card\u00edacas como taquicardias.<\/p>\n","protected":false},"excerpt":{"rendered":"<p>Helmut, de 71 a\u00f1os, sufri\u00f3 una infecci\u00f3n por herpes z\u00f3ster en la zona tor\u00e1cica despu\u00e9s de recibir la segunda dosis de la vacuna contra el Covid-19 de la marca BionTech. Adem\u00e1s de la fiebre, le causaba dolor el roce de la ropa, por lo que tuvo que pasar casi un mes sin salir de casa [&hellip;]<\/p>\n","protected":false},"author":4,"featured_media":24705,"comment_status":"open","ping_status":"open","sticky":false,"template":"","format":"standard","meta":{"om_disable_all_campaigns":false,"_monsterinsights_skip_tracking":false,"footnotes":""},"categories":[176],"tags":[195],"class_list":["post-24704","post","type-post","status-publish","format-standard","has-post-thumbnail","hentry","category-nacional","tag-principal"],"amp_enabled":true,"_links":{"self":[{"href":"https:\/\/lahora.mx\/index.php\/wp-json\/wp\/v2\/posts\/24704","targetHints":{"allow":["GET"]}}],"collection":[{"href":"https:\/\/lahora.mx\/index.php\/wp-json\/wp\/v2\/posts"}],"about":[{"href":"https:\/\/lahora.mx\/index.php\/wp-json\/wp\/v2\/types\/post"}],"author":[{"embeddable":true,"href":"https:\/\/lahora.mx\/index.php\/wp-json\/wp\/v2\/users\/4"}],"replies":[{"embeddable":true,"href":"https:\/\/lahora.mx\/index.php\/wp-json\/wp\/v2\/comments?post=24704"}],"version-history":[{"count":1,"href":"https:\/\/lahora.mx\/index.php\/wp-json\/wp\/v2\/posts\/24704\/revisions"}],"predecessor-version":[{"id":24706,"href":"https:\/\/lahora.mx\/index.php\/wp-json\/wp\/v2\/posts\/24704\/revisions\/24706"}],"wp:featuredmedia":[{"embeddable":true,"href":"https:\/\/lahora.mx\/index.php\/wp-json\/wp\/v2\/media\/24705"}],"wp:attachment":[{"href":"https:\/\/lahora.mx\/index.php\/wp-json\/wp\/v2\/media?parent=24704"}],"wp:term":[{"taxonomy":"category","embeddable":true,"href":"https:\/\/lahora.mx\/index.php\/wp-json\/wp\/v2\/categories?post=24704"},{"taxonomy":"post_tag","embeddable":true,"href":"https:\/\/lahora.mx\/index.php\/wp-json\/wp\/v2\/tags?post=24704"}],"curies":[{"name":"wp","href":"https:\/\/api.w.org\/{rel}","templated":true}]}}