{"id":24701,"date":"2023-04-11T22:34:45","date_gmt":"2023-04-11T22:34:45","guid":{"rendered":"http:\/\/lahora.mx\/?p=24701"},"modified":"2023-04-11T22:34:45","modified_gmt":"2023-04-11T22:34:45","slug":"una-decada-tuvo-que-esperar-tras-ser-abusada-por-su-tio-y-recibir-justicia","status":"publish","type":"post","link":"https:\/\/lahora.mx\/index.php\/2023\/04\/11\/una-decada-tuvo-que-esperar-tras-ser-abusada-por-su-tio-y-recibir-justicia\/","title":{"rendered":"Una d\u00e9cada tuvo que esperar tras ser abusada por su t\u00edo y recibir justicia"},"content":{"rendered":"\n<p><\/p>\n\n\n\n<p><\/p>\n\n\n\n<p>Hace casi 10 a\u00f1os que una jovencita de apenas 13 a\u00f1os de edad fue atacada sexualmente en el municipio de Chingnahuapan por su t\u00edo Jos\u00e9 Agust\u00edn, quien seg\u00fan informa la Fiscal\u00eda General del Estado, ha recibido una sentencia de 12 a\u00f1os de prisi\u00f3n por el delito de violaci\u00f3n.<\/p>\n\n\n\n<p>A decir de las investigaciones de la Agencia del Ministerio P\u00fablico, el 16 de noviembre del a\u00f1o 2013, la v\u00edctima fue atacada sexualmente por su t\u00edo Jos\u00e9 Agust\u00edn, en la localidad de El Pared\u00f3n, Chignahuapan.<br>Al determinarse que \u00e9l era el responsable de la agresi\u00f3n sexual, agentes investigadores de la FGE cumplieron la orden de aprehensi\u00f3n girada en su contra para ser presentado ante el juzgado, en el a\u00f1o 2014.<\/p>\n\n\n\n<p>Diez a\u00f1os despu\u00e9s, la FGE logr\u00f3 a trav\u00e9s de la presentaci\u00f3n de pruebas sustentadas que Jos\u00e9 Agust\u00edn, penalmente responsable del delito de violaci\u00f3n recibiera una condena de 12 a\u00f1os de prisi\u00f3n.<\/p>\n\n\n\n<p>Adem\u00e1s de la sentencia condenatoria en prisi\u00f3n, el responsable tambi\u00e9n fue sancionado con el pago econ\u00f3mico de una multa.<\/p>\n","protected":false},"excerpt":{"rendered":"<p>Hace casi 10 a\u00f1os que una jovencita de apenas 13 a\u00f1os de edad fue atacada sexualmente en el municipio de Chingnahuapan por su t\u00edo Jos\u00e9 Agust\u00edn, quien seg\u00fan informa la Fiscal\u00eda General del Estado, ha recibido una sentencia de 12 a\u00f1os de prisi\u00f3n por el delito de violaci\u00f3n. A decir de las investigaciones de la [&hellip;]<\/p>\n","protected":false},"author":4,"featured_media":24702,"comment_status":"open","ping_status":"open","sticky":false,"template":"","format":"standard","meta":{"om_disable_all_campaigns":false,"_monsterinsights_skip_tracking":false,"_monsterinsights_sitenote_active":false,"_monsterinsights_sitenote_note":"","_monsterinsights_sitenote_category":0,"footnotes":""},"categories":[175,226],"tags":[223],"class_list":["post-24701","post","type-post","status-publish","format-standard","has-post-thumbnail","hentry","category-local","category-policia","tag-puebla"],"amp_enabled":true,"_links":{"self":[{"href":"https:\/\/lahora.mx\/index.php\/wp-json\/wp\/v2\/posts\/24701","targetHints":{"allow":["GET"]}}],"collection":[{"href":"https:\/\/lahora.mx\/index.php\/wp-json\/wp\/v2\/posts"}],"about":[{"href":"https:\/\/lahora.mx\/index.php\/wp-json\/wp\/v2\/types\/post"}],"author":[{"embeddable":true,"href":"https:\/\/lahora.mx\/index.php\/wp-json\/wp\/v2\/users\/4"}],"replies":[{"embeddable":true,"href":"https:\/\/lahora.mx\/index.php\/wp-json\/wp\/v2\/comments?post=24701"}],"version-history":[{"count":1,"href":"https:\/\/lahora.mx\/index.php\/wp-json\/wp\/v2\/posts\/24701\/revisions"}],"predecessor-version":[{"id":24703,"href":"https:\/\/lahora.mx\/index.php\/wp-json\/wp\/v2\/posts\/24701\/revisions\/24703"}],"wp:featuredmedia":[{"embeddable":true,"href":"https:\/\/lahora.mx\/index.php\/wp-json\/wp\/v2\/media\/24702"}],"wp:attachment":[{"href":"https:\/\/lahora.mx\/index.php\/wp-json\/wp\/v2\/media?parent=24701"}],"wp:term":[{"taxonomy":"category","embeddable":true,"href":"https:\/\/lahora.mx\/index.php\/wp-json\/wp\/v2\/categories?post=24701"},{"taxonomy":"post_tag","embeddable":true,"href":"https:\/\/lahora.mx\/index.php\/wp-json\/wp\/v2\/tags?post=24701"}],"curies":[{"name":"wp","href":"https:\/\/api.w.org\/{rel}","templated":true}]}}