{"id":24695,"date":"2023-04-10T14:32:21","date_gmt":"2023-04-10T14:32:21","guid":{"rendered":"http:\/\/lahora.mx\/?p=24695"},"modified":"2023-04-11T14:34:55","modified_gmt":"2023-04-11T14:34:55","slug":"reabren-autopista-puebla-oaxaca-piden-cesar-uso-de-avionetas-antilluvia","status":"publish","type":"post","link":"https:\/\/lahora.mx\/index.php\/2023\/04\/10\/reabren-autopista-puebla-oaxaca-piden-cesar-uso-de-avionetas-antilluvia\/","title":{"rendered":"Reabren autopista Puebla-Oaxaca; piden cesar uso de avionetas antilluvia"},"content":{"rendered":"\n<p>Tras un bloqueo de tres horas fue reabierta la autopista Puebla-Oaxaca, la carretera Puebla-Tehuac\u00e1n y la carretera Tehuac\u00e1n-Huajuapan, despu\u00e9s de acordar un di\u00e1logo con el secretario de Gobernaci\u00f3n, Julio Miguel Huerta G\u00f3mez. Los manifestantes acusaban principalmente el uso de avionetas antilluvia en la regi\u00f3n, pero, \u00bfen qu\u00e9 consisten estos artefactos y c\u00f3mo funcionan?<\/p>\n\n\n\n<p>Pobladores de la regi\u00f3n de Tehuac\u00e1n bloquean carreteras<br>El cierre de las carreteras se realiz\u00f3 a las 11:00 horas de este lunes, tras ser convocada d\u00edas atr\u00e1s por Jos\u00e9 Luis Leyva Machuca, dirigente del Movimiento de Autogesti\u00f3n Social Campesino Ind\u00edgena Popular (MASCIP).<\/p>\n\n\n\n<p>Durante las tres horas que dur\u00f3 el cierre, los pobladores reclamaron principalmente la presencia de avionetas antilluvia en la regi\u00f3n, las cuales supuestamente tienen la capacidad de evitar las precipitaciones mediante el uso de un qu\u00edmico que se roc\u00eda en las nubes.<br>Minutos despu\u00e9s de las 14:00 horas de este lunes se reabri\u00f3 la circulaci\u00f3n tras dialogar con Julio Miguel Huerta G\u00f3mez, quien se comprometi\u00f3 a retomar las mesas de di\u00e1logo durante esta semana, a m\u00e1s tardar lunes o martes de la pr\u00f3xima.<\/p>\n\n\n\n<p>El dirigente del MASCIP mencion\u00f3 que esperan que el gobierno cumpla con el acuerdo al que se lleg\u00f3 esta tarde, de lo contrario seguir\u00e1n tomando las carreteras, posiblemente sean las que m\u00e1s afluencia de conductores tengan.<\/p>\n\n\n\n<p>Yoduro de plata: responsable de la ausencia de precipitaciones<br>Los productores de la regi\u00f3n sostienen que, mediante el uso de avionetas cuando est\u00e1 a punto de llover, las nubes son rociadas con yoduro de plata, y este qu\u00edmico provoca que las nubes se dispersen y que ya no llueva.<\/p>\n\n\n\n<p>El dirigente del MASCIP mencion\u00f3 que por estos meses la preocupaci\u00f3n crece por parte de los campesinos, pues es en primavera &#8211; verano cuando siembran cultivos de temporal, lo que implica que dependen de las lluvias para que el campo se riegue y puedan tener una buena cosecha.<\/p>\n\n\n\n<p>Los agricultores se\u00f1alan como responsables del uso de avionetas antilluvia a las granjas av\u00edcolas que existen en la regi\u00f3n, como es el caso de Granjas Carroll, pues supuestamente a los propietarios no les conviene que llueva porque afecta su producci\u00f3n de huevo y pollo. Pero, \u00bfrealmente existen y funcionan las aeronaves capaces de impedir la lluvia?<\/p>\n\n\n\n<p>Avionetas antilluvia \u00bfmito o realidad?<br>No hay informaci\u00f3n cient\u00edfica que avale la eficacia de estas aeronaves para impedir las precipitaciones y tampoco se ha comprobado su uso en la regi\u00f3n de Tehuac\u00e1n, por otra parte, el yoduro de plata tambi\u00e9n ha estado relacionado con la \u201csiembra de nubes\u201d, cuyo prop\u00f3sito es precisamente lo contrario, favorecer la formaci\u00f3n de nubes.<\/p>\n\n\n\n<p>Una fuente cercana a la Secretar\u00eda de Gobierno indica que, de todas las ocasiones en que los pobladores han manifestado su rechazo hacia las aeronaves, jam\u00e1s han mostrado pruebas sobre la existencia de las mismas.<\/p>\n\n\n\n<p>\u200bCon respecto a que las aeronaves son financiadas por las granjas av\u00edcolas y porc\u00edcolas, mencion\u00f3 que esto tampoco tiene sentido, dado a que las productoras requieren tambi\u00e9n de las lluvias para la producci\u00f3n de alimentos destinados a sus animales, y por ende el adecuado funcionamiento de las granjas.<\/p>\n\n\n\n<p>Por otra parte, la fuente cercana a la Secretar\u00eda de Gobernaci\u00f3n explic\u00f3 que esta estrategia ya la han empleado con anterioridad: cerrar una autopista o carretera por alg\u00fan tema llamativo, y posteriormente durante las mesas de di\u00e1logo las peticiones viran hacia otra direcci\u00f3n, como solicitar apoyos para el campo, por ejemplo.<\/p>\n\n\n\n<p>En noviembre de 2022 los campesinos llegaron a un acuerdo con personal del aeropuerto de Tehuac\u00e1n, en el que se les permitir\u00eda realizar inspecciones a las avionetas que salieran de ese lugar, sin embargo, el dirigente del MASCIP indic\u00f3 que no se cumplieron los acuerdos y la molestia contin\u00faa.<\/p>\n\n\n\n<p>Conflicto en Coyomeapan, el otro motivo principal de los bloqueos<br>Jos\u00e9 Luis Leyva Machuca dijo que otra de las situaciones que les inquieta es el tema del Gonzalo Mart\u00ednez Herrera, quien fue detenido desde septiembre de 2021 tras el conflicto poselectoral en Coyomepan, al rechazar los resultados que daban el triunfo al edil Rodolfo Garc\u00eda L\u00f3pez, cuyos votos fueron obtenidos tras amedrentar a los lugare\u00f1os, se\u00f1alan.<\/p>\n\n\n\n<p>Un grupo de Coyomeapan se unir\u00eda a los bloqueos en la autopista Puebla-Oaxaca y en la carretera Puebla-Tehuac\u00e1n de este lunes, no obstante, no pudieron pasar de Coxcatl\u00e1n debido a un ret\u00e9n de la Polic\u00eda Estatal.<\/p>\n\n\n\n<p>Al respecto de este ret\u00e9n policial, la fuente cercana a la Segob indica que los pobladores de Coyomeapan iban a sumarse con demandas pol\u00edticas, por ese motivo fueron bloqueados ya que alargan el conflicto y han cerrado las carreteras m\u00e1s de 24 horas.<\/p>\n\n\n\n<p>Por \u00faltimo, Jos\u00e9 Luis Leyva Machuca manifest\u00f3 que otro tema por el cual se realiz\u00f3 el bloqueo en la autopista Puebla-Oaxaca, a parte del tema de las avionetas antilluvia y Coyomeapan, fue la salud p\u00fablica, pues esas zonas rurales hacen falta medicinas y personal m\u00e9dico.<\/p>\n","protected":false},"excerpt":{"rendered":"<p>Tras un bloqueo de tres horas fue reabierta la autopista Puebla-Oaxaca, la carretera Puebla-Tehuac\u00e1n y la carretera Tehuac\u00e1n-Huajuapan, despu\u00e9s de acordar un di\u00e1logo con el secretario de Gobernaci\u00f3n, Julio Miguel Huerta G\u00f3mez. Los manifestantes acusaban principalmente el uso de avionetas antilluvia en la regi\u00f3n, pero, \u00bfen qu\u00e9 consisten estos artefactos y c\u00f3mo funcionan? Pobladores de [&hellip;]<\/p>\n","protected":false},"author":4,"featured_media":24696,"comment_status":"open","ping_status":"open","sticky":false,"template":"","format":"standard","meta":{"om_disable_all_campaigns":false,"_monsterinsights_skip_tracking":false,"_monsterinsights_sitenote_active":false,"_monsterinsights_sitenote_note":"","_monsterinsights_sitenote_category":0,"footnotes":""},"categories":[175],"tags":[223],"class_list":["post-24695","post","type-post","status-publish","format-standard","has-post-thumbnail","hentry","category-local","tag-puebla"],"amp_enabled":true,"_links":{"self":[{"href":"https:\/\/lahora.mx\/index.php\/wp-json\/wp\/v2\/posts\/24695","targetHints":{"allow":["GET"]}}],"collection":[{"href":"https:\/\/lahora.mx\/index.php\/wp-json\/wp\/v2\/posts"}],"about":[{"href":"https:\/\/lahora.mx\/index.php\/wp-json\/wp\/v2\/types\/post"}],"author":[{"embeddable":true,"href":"https:\/\/lahora.mx\/index.php\/wp-json\/wp\/v2\/users\/4"}],"replies":[{"embeddable":true,"href":"https:\/\/lahora.mx\/index.php\/wp-json\/wp\/v2\/comments?post=24695"}],"version-history":[{"count":1,"href":"https:\/\/lahora.mx\/index.php\/wp-json\/wp\/v2\/posts\/24695\/revisions"}],"predecessor-version":[{"id":24697,"href":"https:\/\/lahora.mx\/index.php\/wp-json\/wp\/v2\/posts\/24695\/revisions\/24697"}],"wp:featuredmedia":[{"embeddable":true,"href":"https:\/\/lahora.mx\/index.php\/wp-json\/wp\/v2\/media\/24696"}],"wp:attachment":[{"href":"https:\/\/lahora.mx\/index.php\/wp-json\/wp\/v2\/media?parent=24695"}],"wp:term":[{"taxonomy":"category","embeddable":true,"href":"https:\/\/lahora.mx\/index.php\/wp-json\/wp\/v2\/categories?post=24695"},{"taxonomy":"post_tag","embeddable":true,"href":"https:\/\/lahora.mx\/index.php\/wp-json\/wp\/v2\/tags?post=24695"}],"curies":[{"name":"wp","href":"https:\/\/api.w.org\/{rel}","templated":true}]}}