{"id":24674,"date":"2023-04-10T23:16:04","date_gmt":"2023-04-10T23:16:04","guid":{"rendered":"http:\/\/lahora.mx\/?p=24674"},"modified":"2023-04-10T23:18:04","modified_gmt":"2023-04-10T23:18:04","slug":"aporta-puebla-mas-del-14-de-exportaciones-automotrices-a-economia-nacional-gobierno-estatal","status":"publish","type":"post","link":"https:\/\/lahora.mx\/index.php\/2023\/04\/10\/aporta-puebla-mas-del-14-de-exportaciones-automotrices-a-economia-nacional-gobierno-estatal\/","title":{"rendered":"Aporta Puebla m\u00e1s del 14% de exportaciones automotrices a econom\u00eda nacional: gobierno estatal"},"content":{"rendered":"\n<p>Durante marzo, la industria automotriz de veh\u00edculos ligeros establecida en Puebla aport\u00f3 el 14.2 por ciento de la producci\u00f3n y el 14.1 por ciento de las exportaciones nacionales, informa el Gobierno del Estado, a trav\u00e9s de la Secretar\u00eda de Econom\u00eda.<\/p>\n\n\n\n<p>Conforme a la estad\u00edstica de la industria automotriz de veh\u00edculos ligeros del INEGI, en marzo de 2023, la entidad fue el cuarto lugar en producci\u00f3n y tercero en exportaci\u00f3n de veh\u00edculos en el pa\u00eds, lo que reflej\u00f3 las condiciones de estabilidad econ\u00f3mica que prevalecen en el gobierno presente de Sergio Salom\u00f3n y que promueven el progreso social.<\/p>\n\n\n\n<p>En este periodo, Puebla tuvo un crecimiento del 1 por ciento respecto de marzo de 2022, al ensamblarse 49 mil 052 veh\u00edculos, en tanto que las exportaciones repuntaron 3.5 por ciento con respecto a marzo de 2022, al enviarse 38 mil 435 unidades al exterior.<\/p>\n\n\n\n<p>Por otra parte, la Secretar\u00eda de Econom\u00eda, a cargo de Olivia Salom\u00f3n, indic\u00f3 que en diciembre 2022 el total de las actividades industriales crecieron 11.3 por ciento con respecto al mismo mes de 2021, lo que ubic\u00f3 a la entidad en el sexto lugar con mayor crecimiento en el comparativo nacional.<\/p>\n\n\n\n<p>As\u00ed, el sector manufacturero, respecto a diciembre de 2021, creci\u00f3 en 15.1 por ciento, lo que coloc\u00f3 a Puebla en el segundo lugar nacional, mientras que el sector de la construcci\u00f3n creci\u00f3 0.1 por ciento respecto de diciembre de 2021.<\/p>\n","protected":false},"excerpt":{"rendered":"<p>Durante marzo, la industria automotriz de veh\u00edculos ligeros establecida en Puebla aport\u00f3 el 14.2 por ciento de la producci\u00f3n y el 14.1 por ciento de las exportaciones nacionales, informa el Gobierno del Estado, a trav\u00e9s de la Secretar\u00eda de Econom\u00eda. Conforme a la estad\u00edstica de la industria automotriz de veh\u00edculos ligeros del INEGI, en marzo [&hellip;]<\/p>\n","protected":false},"author":4,"featured_media":24675,"comment_status":"open","ping_status":"open","sticky":false,"template":"","format":"standard","meta":{"om_disable_all_campaigns":false,"_monsterinsights_skip_tracking":false,"_monsterinsights_sitenote_active":false,"_monsterinsights_sitenote_note":"","_monsterinsights_sitenote_category":0,"footnotes":""},"categories":[175],"tags":[195,223],"class_list":["post-24674","post","type-post","status-publish","format-standard","has-post-thumbnail","hentry","category-local","tag-principal","tag-puebla"],"amp_enabled":true,"_links":{"self":[{"href":"https:\/\/lahora.mx\/index.php\/wp-json\/wp\/v2\/posts\/24674","targetHints":{"allow":["GET"]}}],"collection":[{"href":"https:\/\/lahora.mx\/index.php\/wp-json\/wp\/v2\/posts"}],"about":[{"href":"https:\/\/lahora.mx\/index.php\/wp-json\/wp\/v2\/types\/post"}],"author":[{"embeddable":true,"href":"https:\/\/lahora.mx\/index.php\/wp-json\/wp\/v2\/users\/4"}],"replies":[{"embeddable":true,"href":"https:\/\/lahora.mx\/index.php\/wp-json\/wp\/v2\/comments?post=24674"}],"version-history":[{"count":1,"href":"https:\/\/lahora.mx\/index.php\/wp-json\/wp\/v2\/posts\/24674\/revisions"}],"predecessor-version":[{"id":24676,"href":"https:\/\/lahora.mx\/index.php\/wp-json\/wp\/v2\/posts\/24674\/revisions\/24676"}],"wp:featuredmedia":[{"embeddable":true,"href":"https:\/\/lahora.mx\/index.php\/wp-json\/wp\/v2\/media\/24675"}],"wp:attachment":[{"href":"https:\/\/lahora.mx\/index.php\/wp-json\/wp\/v2\/media?parent=24674"}],"wp:term":[{"taxonomy":"category","embeddable":true,"href":"https:\/\/lahora.mx\/index.php\/wp-json\/wp\/v2\/categories?post=24674"},{"taxonomy":"post_tag","embeddable":true,"href":"https:\/\/lahora.mx\/index.php\/wp-json\/wp\/v2\/tags?post=24674"}],"curies":[{"name":"wp","href":"https:\/\/api.w.org\/{rel}","templated":true}]}}