{"id":24671,"date":"2023-04-10T23:12:21","date_gmt":"2023-04-10T23:12:21","guid":{"rendered":"http:\/\/lahora.mx\/?p=24671"},"modified":"2023-04-10T23:12:21","modified_gmt":"2023-04-10T23:12:21","slug":"fmi-alerta-de-crecimiento-mundial-por-debajo-de-3-en-los-siguientes-5-anos","status":"publish","type":"post","link":"https:\/\/lahora.mx\/index.php\/2023\/04\/10\/fmi-alerta-de-crecimiento-mundial-por-debajo-de-3-en-los-siguientes-5-anos\/","title":{"rendered":"FMI alerta de crecimiento mundial por debajo de 3% en los siguientes 5 a\u00f1os"},"content":{"rendered":"\n<p>El Fondo Monetario Internacional (FMI) alert\u00f3 este lunes de que el crecimiento mundial se ubicar\u00e1 por debajo de 3% no s\u00f3lo este a\u00f1o, sino tambi\u00e9n en los siguientes cinco a\u00f1os.<\/p>\n\n\n\n<p>Kristalina Georgieva, directora gerente del FMI, se\u00f1al\u00f3 que en un ambiente donde las altas tasas de inter\u00e9s expusieron vulnerabilidades en el sector financiero, y los altos niveles de inflaci\u00f3n, la recuperaci\u00f3n de la econom\u00eda es dif\u00edcil de alcanzar.<\/p>\n\n\n\n<p>La recuperaci\u00f3n robusta que nosotros esperamos sigue siendo un poco dif\u00edcil de alcanzar\u00bb, dijo.<\/p>\n\n\n\n<p>Record\u00f3 que, en los \u00faltimos a\u00f1os, el mundo ha tenido que enfrentar diversas crisis, como la pandemia del Covid-19, la guerra entre Rusia y Ucrania, as\u00ed como los problemas inflacionarios y las alzas en las tasas de inter\u00e9s.<\/p>\n\n\n\n<p>En este sentido, la directora gerente del FMI resalt\u00f3 que la econom\u00eda mundial crecer\u00e1 por debajo de 3% este a\u00f1o y, lo m\u00e1s preocupante, es que este nivel de crecimiento se mantendr\u00e1 en los pr\u00f3ximos cinco a\u00f1os.<\/p>\n\n\n\n<p>\u00abLa imagen del crecimiento es divergente. Hay pa\u00edses emergentes que lo est\u00e1n llevando mejor pero, para pa\u00edses de menores ingresos, el futuro no es tan brillante\u00bb, se\u00f1al\u00f3.<\/p>\n\n\n\n<p>En este sentido, David Malpass, presidente del Banco Mundial, indic\u00f3 que las altas tasas de inter\u00e9s pueden afectar el crecimiento; no obstante, el disminuirlas no arreglar\u00e1 por s\u00ed solo el problema.<\/p>\n\n\n\n<p>De esta forma, el FMI y el BM inauguran su Reuniones de Primavera, en donde se presentar\u00e1n actualizaciones de las perspectivas de crecimiento de los pa\u00edses a nivel mundial y se abordar\u00e1n temas que han generado inter\u00e9s en la coyuntura actual, como lo son las altas tasas de inter\u00e9s.<\/p>\n","protected":false},"excerpt":{"rendered":"<p>El Fondo Monetario Internacional (FMI) alert\u00f3 este lunes de que el crecimiento mundial se ubicar\u00e1 por debajo de 3% no s\u00f3lo este a\u00f1o, sino tambi\u00e9n en los siguientes cinco a\u00f1os. Kristalina Georgieva, directora gerente del FMI, se\u00f1al\u00f3 que en un ambiente donde las altas tasas de inter\u00e9s expusieron vulnerabilidades en el sector financiero, y los [&hellip;]<\/p>\n","protected":false},"author":4,"featured_media":24672,"comment_status":"open","ping_status":"open","sticky":false,"template":"","format":"standard","meta":{"om_disable_all_campaigns":false,"_monsterinsights_skip_tracking":false,"_monsterinsights_sitenote_active":false,"_monsterinsights_sitenote_note":"","_monsterinsights_sitenote_category":0,"footnotes":""},"categories":[183],"tags":[],"class_list":["post-24671","post","type-post","status-publish","format-standard","has-post-thumbnail","hentry","category-internacional"],"amp_enabled":true,"_links":{"self":[{"href":"https:\/\/lahora.mx\/index.php\/wp-json\/wp\/v2\/posts\/24671","targetHints":{"allow":["GET"]}}],"collection":[{"href":"https:\/\/lahora.mx\/index.php\/wp-json\/wp\/v2\/posts"}],"about":[{"href":"https:\/\/lahora.mx\/index.php\/wp-json\/wp\/v2\/types\/post"}],"author":[{"embeddable":true,"href":"https:\/\/lahora.mx\/index.php\/wp-json\/wp\/v2\/users\/4"}],"replies":[{"embeddable":true,"href":"https:\/\/lahora.mx\/index.php\/wp-json\/wp\/v2\/comments?post=24671"}],"version-history":[{"count":1,"href":"https:\/\/lahora.mx\/index.php\/wp-json\/wp\/v2\/posts\/24671\/revisions"}],"predecessor-version":[{"id":24673,"href":"https:\/\/lahora.mx\/index.php\/wp-json\/wp\/v2\/posts\/24671\/revisions\/24673"}],"wp:featuredmedia":[{"embeddable":true,"href":"https:\/\/lahora.mx\/index.php\/wp-json\/wp\/v2\/media\/24672"}],"wp:attachment":[{"href":"https:\/\/lahora.mx\/index.php\/wp-json\/wp\/v2\/media?parent=24671"}],"wp:term":[{"taxonomy":"category","embeddable":true,"href":"https:\/\/lahora.mx\/index.php\/wp-json\/wp\/v2\/categories?post=24671"},{"taxonomy":"post_tag","embeddable":true,"href":"https:\/\/lahora.mx\/index.php\/wp-json\/wp\/v2\/tags?post=24671"}],"curies":[{"name":"wp","href":"https:\/\/api.w.org\/{rel}","templated":true}]}}