{"id":2465,"date":"2022-01-31T00:20:40","date_gmt":"2022-01-31T00:20:40","guid":{"rendered":"http:\/\/lahora.mx\/?p=2465"},"modified":"2022-01-31T00:21:23","modified_gmt":"2022-01-31T00:21:23","slug":"reconoce-paola-angon-a-mujeres-participantes-del-curso-de-manejo-y-mujer-segura","status":"publish","type":"post","link":"https:\/\/lahora.mx\/index.php\/2022\/01\/31\/reconoce-paola-angon-a-mujeres-participantes-del-curso-de-manejo-y-mujer-segura\/","title":{"rendered":"Reconoce Paola Angon a mujeres participantes del curso de manejo y mujer segura"},"content":{"rendered":"<p>Con el prop\u00f3sito de emprender acciones que <strong>reconozcan y empoderen a cholultecas y poblanas<\/strong>, la presidenta Paola Angon encabez\u00f3 la entrega de 110 reconocimientos a las participantes de los cursos de <strong>Manejo para Mujeres <\/strong>y<strong> Mujer Segura<\/strong>\u00a0impartidos por la Secretar\u00eda de Seguridad Ciudadana.<\/p>\n<p>Durante su mensaje, la edil destac\u00f3 la importancia de dotar a las mujeres herramientas que les permitan reaccionar apropiadamente ante una situaci\u00f3n de vulnerabilidad y puntualiz\u00f3 que <strong>las puertas del ayuntamiento siempre estar\u00e1n abiertas para escucharlas y brindarles apoyo<\/strong>. Indic\u00f3.<\/p>\n<blockquote><p>No est\u00e1n solas, quiero que sientan ese acompa\u00f1amiento para que podamos hacer sinergia y seguir trabajando de la mano. Las puertas del ayuntamiento siempre estar\u00e1n abiertas para cada una de ustedes.<\/p><\/blockquote>\n<p>Es importante destacar que con el curso \u201cMujer Segura\u201d, se muestra a las participantes <strong>diferentes t\u00e9cnicas de defensa personal que les permitan reaccionar ante alg\u00fan caso de agresi\u00f3n o violencia<\/strong>. Por su parte con el curso de \u201cManejo para Mujeres\u201d, se ense\u00f1a c\u00f3mo conducir un veh\u00edculo apropiadamente, as\u00ed como diversos datos sobre mec\u00e1nica b\u00e1sica para conocer mejor el auto y poder reaccionar ante alguna aver\u00eda menor.<\/p>\n<p><img fetchpriority=\"high\" decoding=\"async\" class=\"alignnone size-medium wp-image-2467\" src=\"https:\/\/lahora.mx\/wp-content\/uploads\/2022\/01\/WhatsApp-Image-2022-01-30-at-2.47.19-PM-1-300x200.jpeg\" alt=\"\" width=\"300\" height=\"200\" srcset=\"https:\/\/lahora.mx\/wp-content\/uploads\/2022\/01\/WhatsApp-Image-2022-01-30-at-2.47.19-PM-1-300x200.jpeg 300w, https:\/\/lahora.mx\/wp-content\/uploads\/2022\/01\/WhatsApp-Image-2022-01-30-at-2.47.19-PM-1-1024x682.jpeg 1024w, https:\/\/lahora.mx\/wp-content\/uploads\/2022\/01\/WhatsApp-Image-2022-01-30-at-2.47.19-PM-1-768x512.jpeg 768w, https:\/\/lahora.mx\/wp-content\/uploads\/2022\/01\/WhatsApp-Image-2022-01-30-at-2.47.19-PM-1.jpeg 1280w\" sizes=\"(max-width: 300px) 100vw, 300px\" \/>\u00a0 \u00a0 \u00a0 \u00a0 \u00a0<img decoding=\"async\" class=\"alignnone size-medium wp-image-2468\" src=\"https:\/\/lahora.mx\/wp-content\/uploads\/2022\/01\/WhatsApp-Image-2022-01-30-at-2.47.19-PM-300x190.jpeg\" alt=\"\" width=\"300\" height=\"190\" srcset=\"https:\/\/lahora.mx\/wp-content\/uploads\/2022\/01\/WhatsApp-Image-2022-01-30-at-2.47.19-PM-300x190.jpeg 300w, https:\/\/lahora.mx\/wp-content\/uploads\/2022\/01\/WhatsApp-Image-2022-01-30-at-2.47.19-PM-1024x648.jpeg 1024w, https:\/\/lahora.mx\/wp-content\/uploads\/2022\/01\/WhatsApp-Image-2022-01-30-at-2.47.19-PM-768x486.jpeg 768w, https:\/\/lahora.mx\/wp-content\/uploads\/2022\/01\/WhatsApp-Image-2022-01-30-at-2.47.19-PM.jpeg 1280w\" sizes=\"(max-width: 300px) 100vw, 300px\" \/><\/p>\n<p>Por su parte, el Secretario de Seguridad Ciudadana, <strong>Sergio Fern\u00e1ndez<\/strong>, se\u00f1al\u00f3 que la implementaci\u00f3n de estos programas permiten crear ese v\u00ednculo de proximidad con la ciudadan\u00eda, a fin de reducir los \u00edndices delictivos en San Pedro Cholula. Resalt\u00f3.<\/p>\n<blockquote><p>Desde el primer d\u00eda de funciones decidimos ser una Polic\u00eda de proximidad, por ello a lo largo de estos primeros tres meses hemos implementado estrategias como estas que nos acerquen a la ciudadan\u00eda.<\/p><\/blockquote>\n<p>Con estas acciones, el Gobierno Municipal refrenda su compromiso de continuar trabajando a favor de las familias cholultecas.<\/p>\n","protected":false},"excerpt":{"rendered":"<p>Con el prop\u00f3sito de emprender acciones que reconozcan y empoderen a cholultecas y poblanas, la presidenta Paola Angon encabez\u00f3 la entrega de 110 reconocimientos a las participantes de los cursos de Manejo para Mujeres y Mujer Segura\u00a0impartidos por la Secretar\u00eda de Seguridad Ciudadana. Durante su mensaje, la edil destac\u00f3 la importancia de dotar a las [&hellip;]<\/p>\n","protected":false},"author":5,"featured_media":2466,"comment_status":"open","ping_status":"open","sticky":false,"template":"","format":"standard","meta":{"om_disable_all_campaigns":false,"_monsterinsights_skip_tracking":false,"_monsterinsights_sitenote_active":false,"_monsterinsights_sitenote_note":"","_monsterinsights_sitenote_category":0,"footnotes":""},"categories":[175],"tags":[223],"class_list":["post-2465","post","type-post","status-publish","format-standard","has-post-thumbnail","hentry","category-local","tag-puebla"],"amp_enabled":true,"_links":{"self":[{"href":"https:\/\/lahora.mx\/index.php\/wp-json\/wp\/v2\/posts\/2465","targetHints":{"allow":["GET"]}}],"collection":[{"href":"https:\/\/lahora.mx\/index.php\/wp-json\/wp\/v2\/posts"}],"about":[{"href":"https:\/\/lahora.mx\/index.php\/wp-json\/wp\/v2\/types\/post"}],"author":[{"embeddable":true,"href":"https:\/\/lahora.mx\/index.php\/wp-json\/wp\/v2\/users\/5"}],"replies":[{"embeddable":true,"href":"https:\/\/lahora.mx\/index.php\/wp-json\/wp\/v2\/comments?post=2465"}],"version-history":[{"count":2,"href":"https:\/\/lahora.mx\/index.php\/wp-json\/wp\/v2\/posts\/2465\/revisions"}],"predecessor-version":[{"id":2470,"href":"https:\/\/lahora.mx\/index.php\/wp-json\/wp\/v2\/posts\/2465\/revisions\/2470"}],"wp:featuredmedia":[{"embeddable":true,"href":"https:\/\/lahora.mx\/index.php\/wp-json\/wp\/v2\/media\/2466"}],"wp:attachment":[{"href":"https:\/\/lahora.mx\/index.php\/wp-json\/wp\/v2\/media?parent=2465"}],"wp:term":[{"taxonomy":"category","embeddable":true,"href":"https:\/\/lahora.mx\/index.php\/wp-json\/wp\/v2\/categories?post=2465"},{"taxonomy":"post_tag","embeddable":true,"href":"https:\/\/lahora.mx\/index.php\/wp-json\/wp\/v2\/tags?post=2465"}],"curies":[{"name":"wp","href":"https:\/\/api.w.org\/{rel}","templated":true}]}}