{"id":24634,"date":"2023-04-10T14:28:15","date_gmt":"2023-04-10T14:28:15","guid":{"rendered":"http:\/\/lahora.mx\/?p=24634"},"modified":"2023-04-10T14:28:16","modified_gmt":"2023-04-10T14:28:16","slug":"de-que-murio-julian-figueroa-hijo-de-maribel-guardia","status":"publish","type":"post","link":"https:\/\/lahora.mx\/index.php\/2023\/04\/10\/de-que-murio-julian-figueroa-hijo-de-maribel-guardia\/","title":{"rendered":"\u00bfDe qu\u00e9 muri\u00f3 Juli\u00e1n Figueroa, hijo de Maribel Guardia?"},"content":{"rendered":"\n<p class=\"wp-block-paragraph\">Juli\u00e1n Figueroa, hijo del cantante Joan Sebastian y de la actriz Maribel Guardia, falleci\u00f3 a los 27 a\u00f1os, semanas antes de cumplirlos y no hubo se\u00f1ales de violencia en su casa que habitaba en Jardines del Pedregal.<\/p>\n\n\n\n<p class=\"wp-block-paragraph\">El hijo de Maribel Guardia y Joan Sebastian mencion\u00f3 anteriormente que hab\u00eda tenido problemas con el alcohol, pero que se encontraba sobrio desde hace un a\u00f1o, por lo que se recuperaba de esa situaci\u00f3n.<\/p>\n\n\n\n<p class=\"wp-block-paragraph\">Por otro lado, en las redes sociales de Juli\u00e1n Figueroa tambi\u00e9n se hac\u00eda alusi\u00f3n a su padre en varias ocasiones, debido a que el cantante sent\u00eda a\u00fan el fallecimiento de su padre a ocho a\u00f1os de su partida; sin embargo, no se report\u00f3 en alg\u00fan momento alg\u00fan problema emocional o de salud mental del int\u00e9rprete.<\/p>\n\n\n\n<p class=\"wp-block-paragraph\">\u00bfDe qu\u00e9 muri\u00f3 Juli\u00e1n Figueroa?<\/p>\n\n\n\n<p class=\"wp-block-paragraph\">De acuerdo con el parte m\u00e9dico, el cuerpo del cantante no presentaba signos de violencia, por lo que fue descartado un ataque como pas\u00f3 con sus dos hermanos, hijos de Joan Sebastian.<\/p>\n\n\n\n<p class=\"wp-block-paragraph\">Maribel Guardia, quien emiti\u00f3 un comunicado confirmando el fallecimiento de Juli\u00e1n Figueroa, dijo que su hijo muri\u00f3 de un infarto agudo al miocardio y fibrilaci\u00f3n ventricular, de acuerdo con el parte m\u00e9dico.<\/p>\n\n\n\n<p class=\"wp-block-paragraph\">Juli\u00e1n, quien naci\u00f3 el 2 de abril de 1996 en la Ciudad de M\u00e9xico, comenz\u00f3 su carrera musical a los 16 a\u00f1os como guitarrista y vocalista. A partir de ah\u00ed, desarroll\u00f3 su propio estilo y comenz\u00f3 a componer sus propias canciones. Su m\u00fasica rom\u00e1ntica y mel\u00f3dica cautiv\u00f3 a su p\u00fablico y lo convirti\u00f3 en una de las promesas del pop rom\u00e1ntico en M\u00e9xico.<\/p>\n\n\n\n<p class=\"wp-block-paragraph\">Con una voz suave y una guitarra en mano, Julian lanz\u00f3 varios sencillos y realiz\u00f3 giras por M\u00e9xico y Estados Unidos. Su canci\u00f3n \u00abMe Gustas\u00bb se convirti\u00f3 en un \u00e9xito en las plataformas digitales, alcanzando millones de reproducciones en Spotify y YouTube.<\/p>\n\n\n\n<p class=\"wp-block-paragraph\">Adem\u00e1s de su carrera musical, Juli\u00e1n tambi\u00e9n incursion\u00f3 en la actuaci\u00f3n, participando en la telenovela \u00abMi marido tiene familia\u00bb en 2017 y siendo parte del reality show \u00abReto 4 Elementos\u00bb en 2018, donde demostr\u00f3 su valent\u00eda y habilidades f\u00edsicas al enfrentarse a distintos desaf\u00edos.<\/p>\n\n\n\n<p class=\"wp-block-paragraph\">A pesar de ser el hijo de dos grandes personalidades en la industria del entretenimiento, Juli\u00e1n logr\u00f3 ganarse un lugar en el mundo de la m\u00fasica y el espect\u00e1culo por m\u00e9rito propio. Con su talento, carisma y humildad, conquist\u00f3 el coraz\u00f3n de muchos seguidores.<\/p>\n\n\n\n<p class=\"wp-block-paragraph\">La partida de Juli\u00e1n deja un gran vac\u00edo en la m\u00fasica y en la industria del entretenimiento en M\u00e9xico. Su legado musical es una muestra del amor y el talento que hered\u00f3 de sus padres y ser\u00e1 recordado por siempre por sus seguidores y la comunidad art\u00edstica.<\/p>\n","protected":false},"excerpt":{"rendered":"<p>Juli\u00e1n Figueroa, hijo del cantante Joan Sebastian y de la actriz Maribel Guardia, falleci\u00f3 a los 27 a\u00f1os, semanas antes de cumplirlos y no hubo se\u00f1ales de violencia en su casa que habitaba en Jardines del Pedregal. El hijo de Maribel Guardia y Joan Sebastian mencion\u00f3 anteriormente que hab\u00eda tenido problemas con el alcohol, pero [&hellip;]<\/p>\n","protected":false},"author":4,"featured_media":24635,"comment_status":"open","ping_status":"open","sticky":false,"template":"","format":"standard","meta":{"om_disable_all_campaigns":false,"_monsterinsights_skip_tracking":false,"footnotes":""},"categories":[176],"tags":[],"class_list":["post-24634","post","type-post","status-publish","format-standard","has-post-thumbnail","hentry","category-nacional"],"amp_enabled":true,"_links":{"self":[{"href":"https:\/\/lahora.mx\/index.php\/wp-json\/wp\/v2\/posts\/24634","targetHints":{"allow":["GET"]}}],"collection":[{"href":"https:\/\/lahora.mx\/index.php\/wp-json\/wp\/v2\/posts"}],"about":[{"href":"https:\/\/lahora.mx\/index.php\/wp-json\/wp\/v2\/types\/post"}],"author":[{"embeddable":true,"href":"https:\/\/lahora.mx\/index.php\/wp-json\/wp\/v2\/users\/4"}],"replies":[{"embeddable":true,"href":"https:\/\/lahora.mx\/index.php\/wp-json\/wp\/v2\/comments?post=24634"}],"version-history":[{"count":1,"href":"https:\/\/lahora.mx\/index.php\/wp-json\/wp\/v2\/posts\/24634\/revisions"}],"predecessor-version":[{"id":24636,"href":"https:\/\/lahora.mx\/index.php\/wp-json\/wp\/v2\/posts\/24634\/revisions\/24636"}],"wp:featuredmedia":[{"embeddable":true,"href":"https:\/\/lahora.mx\/index.php\/wp-json\/wp\/v2\/media\/24635"}],"wp:attachment":[{"href":"https:\/\/lahora.mx\/index.php\/wp-json\/wp\/v2\/media?parent=24634"}],"wp:term":[{"taxonomy":"category","embeddable":true,"href":"https:\/\/lahora.mx\/index.php\/wp-json\/wp\/v2\/categories?post=24634"},{"taxonomy":"post_tag","embeddable":true,"href":"https:\/\/lahora.mx\/index.php\/wp-json\/wp\/v2\/tags?post=24634"}],"curies":[{"name":"wp","href":"https:\/\/api.w.org\/{rel}","templated":true}]}}