{"id":24627,"date":"2023-04-09T22:48:08","date_gmt":"2023-04-09T22:48:08","guid":{"rendered":"http:\/\/lahora.mx\/?p=24627"},"modified":"2023-04-09T22:48:08","modified_gmt":"2023-04-09T22:48:08","slug":"presentan-en-el-congreso-del-estado-iniciativa-para-la-creacion-de-un-registro-de-deudores-alimentarios","status":"publish","type":"post","link":"https:\/\/lahora.mx\/index.php\/2023\/04\/09\/presentan-en-el-congreso-del-estado-iniciativa-para-la-creacion-de-un-registro-de-deudores-alimentarios\/","title":{"rendered":"Presentan en el Congreso del Estado iniciativa para la creaci\u00f3n de un registro de deudores alimentarios"},"content":{"rendered":"\n<p>Con la intenci\u00f3n de crear un registro de deudores alimentarios, la diputada M\u00f3nica Rodr\u00edguez Della Vecchia, present\u00f3 en la Comisi\u00f3n Permanente de la LXI Legislatura del Congreso del Estado, reformas a la Ley de los Derechos de las Ni\u00f1as, Ni\u00f1os y Adolescentes del Estado, misma que tiene se homologar\u00e1 con la propuesta aprobada en el Senado de la Rep\u00fablica.<\/p>\n\n\n\n<p>Al hacer la presentaci\u00f3n, la legisladora explic\u00f3 que la intenci\u00f3n es adicionar la secci\u00f3n Primera denominado \u201cDel Registro Estatal de Obligaciones Alimentarias\u201d a esta norma para establecer que los derechos alimentarios comprenden, esencialmente la satisfacci\u00f3n de las necesidades de sustento y supervivencia y, en la especie.<\/p>\n\n\n\n<p>Record\u00f3 que el Senado de la Rep\u00fablica aprob\u00f3 reformas a diversas disposiciones de la Ley General de los Derechos de las Ni\u00f1as, Ni\u00f1os y Adolescentes, con la finalidad de constituir el Registro Nacional de Deudores Alimentarios y as\u00ed poner un alto a la problem\u00e1tica que viven muchas familias.<\/p>\n\n\n\n<p>El dictamen se turn\u00f3 a las comisiones unidas de Procuraci\u00f3n y Administraci\u00f3n de Justicia y a la de la Familia y los Derechos de la Ni\u00f1ez, para su an\u00e1lisis y resoluci\u00f3n procedente.<\/p>\n\n\n\n<p>En otro momento de la sesi\u00f3n el diputado Edgar Garmendia propuso reformas Ley de la Comisi\u00f3n de Derechos Humanos para dar acceso a personal en la materia a centros de reclusi\u00f3n, con equipo de grabaci\u00f3n y\/o reproducci\u00f3n de audio, video, para obtener evidencias de las condiciones en que se encuentran las personas privadas de su libertad, siempre teniendo a resguardo confidencial dicho material. As\u00ed como el acceso a los expedientes en general de las y los reclusos que sea relevante para la protecci\u00f3n de sus derechos.<\/p>\n\n\n\n<p>El dictamen se turn\u00f3 a la Comisi\u00f3n de Derechos Humanos, para su an\u00e1lisis y resoluci\u00f3n procedente.<br>Tambi\u00e9n como parte del orden del d\u00eda la diputada Guadalupe Yamak Taja propuso un exhorto a la Junta Directiva del Instituto de Seguridad y Servicios Sociales de los Trabajadores al Servicio de los Poderes del Estado de Puebla para que reforme su \u201cReglamento de Afiliaci\u00f3n y Vigencia de Derechos\u201d por ser discriminatorio al requerir una Declaraci\u00f3n Judicial del nombramiento, aceptaci\u00f3n y discernimiento de tutor para las personas derechohabientes de dieciocho a\u00f1os en adelante, perjudicando as\u00ed gravemente a las personas que padecen de alguna discapacidad mental, sensorial o intelectual bajo su cuidado.<\/p>\n\n\n\n<p>El dictamen se turn\u00f3 a la Comisi\u00f3n de Trabajo, Competitividad y previsi\u00f3n Social, para su an\u00e1lisis y resoluci\u00f3n procedente.<\/p>\n\n\n\n<p>La Mesa Directiva dio cuenta de las siguientes iniciativas y puntos de acuerdo:<br>Iniciativa que presenta la diputada Xel Arianna Hern\u00e1ndez Garc\u00eda, por el que se reforman las fracciones XII y XIII del art\u00edculo 12, el inciso d) de la fracci\u00f3n III del 13, las fracciones X, XII y el cuarto p\u00e1rrafo del 26, y la fracci\u00f3n XXVII del 79 de la Constituci\u00f3n Pol\u00edtica para homologar la pol\u00edtica p\u00fablica en beneficio de ni\u00f1as ni\u00f1os y adolescentes integr\u00e1ndolos con uniformidad en la ley.<\/p>\n\n\n\n<p>Misma que fue tornada a la Comisi\u00f3n de Gobernaci\u00f3n y Puntos Constitucionales y a la de la Familia y los Derechos de la Ni\u00f1ez.<\/p>\n\n\n\n<p>Iniciativa que presentan las y los diputados Eliana Ang\u00e9lica Cervantes Gonz\u00e1lez, Carlos Alberto Evangelista Aniceto, Daniela Mier Ba\u00f1uelos, Jos\u00e9 Iv\u00e1n Herrera Villag\u00f3mez y Mar\u00eda Yolanda G\u00e1mez Mendoza, por la que se reforma la fracci\u00f3n III del art\u00edculo 61 de la Ley del Instituto de Seguridad y Servicios Sociales de los Trabajadores al Servicio de los Poderes del Estado para que las derechohabientes reciban capacitaci\u00f3n sobre la importancia de la lactancia materna y normalizar esta pr\u00e1ctica en p\u00fablico.<\/p>\n\n\n\n<p>Se turn\u00f3 a la Comisi\u00f3n de Trabajo, Competitividad y Previsi\u00f3n Social.<\/p>\n\n\n\n<p>Iniciativa que presentan la y el diputado Norma Sirley Reyes Cabrera y Adolfo Alatriste Cant\u00fa, por el que se reforma el primer p\u00e1rrafo y la fracci\u00f3n V del art\u00edculo 42 de la Ley sobre Protecci\u00f3n y Conservaci\u00f3n de Poblaciones T\u00edpicas y Bellezas Naturales del Estado de Puebla, para que se celebren convenios con Asociaciones Civiles e Instituciones de educaci\u00f3n Media Superior y Superior, a fin de recabar informaci\u00f3n de las \u00e1reas \u00abZona T\u00edpica Monumental\u00bb.<\/p>\n\n\n\n<p>La iniciativa fue turnada a la Comisi\u00f3n de Cultura para su an\u00e1lisis y resoluci\u00f3n procedente.<br>Iniciativa que present\u00f3 la diputada Karla Victoria Mart\u00ednez Gallegos, por el que se reforma la fracci\u00f3n II del art\u00edculo 102 de la Constituci\u00f3n Pol\u00edtica del Estado, para establecer que los presidentes municipales, regidores y s\u00edndico no podr\u00e1n ser electas para un tercer periodo consecutivo, aunque el anterior haya sido total o parcialmente.<\/p>\n\n\n\n<p>Fue turnada a la Comisi\u00f3n de Gobernaci\u00f3n y Puntos Constitucionales.<\/p>\n\n\n\n<p>Iniciativa del diputado Oswaldo Jim\u00e9nez L\u00f3pez, por el que se reforman las fracciones XLII y XLIII del art\u00edculo 16 y se adiciona la fracci\u00f3n XLIV al art\u00edculo 16 de la Ley de Ordenamiento Territorial y Desarrollo Urbano del Estado de Puebla, para establecer que les corresponde a los ayuntamientos evitar la venta de inmuebles para vivienda que no cuenten con las autorizaciones correspondientes a la propiedad privada, a fin de dar seguridad jur\u00eddica.<br>Se turn\u00f3 a la Comisi\u00f3n de Vivienda.<\/p>\n\n\n\n<p>Finalmente, el Punto de Acuerdo del diputado Rafael Micalco M\u00e9ndez por el que solicita exhortar respetuosamente, a la Secretar\u00eda de Seguridad P\u00fablica del Estado de Puebla, para que, en coordinaci\u00f3n con las autoridades de los 217 municipios implemente una campa\u00f1a voluntaria de grabado de autopartes, como una media preventiva en contra de los delitos de robo de veh\u00edculos y de autopartes.<\/p>\n","protected":false},"excerpt":{"rendered":"<p>Con la intenci\u00f3n de crear un registro de deudores alimentarios, la diputada M\u00f3nica Rodr\u00edguez Della Vecchia, present\u00f3 en la Comisi\u00f3n Permanente de la LXI Legislatura del Congreso del Estado, reformas a la Ley de los Derechos de las Ni\u00f1as, Ni\u00f1os y Adolescentes del Estado, misma que tiene se homologar\u00e1 con la propuesta aprobada en el [&hellip;]<\/p>\n","protected":false},"author":4,"featured_media":24628,"comment_status":"open","ping_status":"open","sticky":false,"template":"","format":"standard","meta":{"om_disable_all_campaigns":false,"_monsterinsights_skip_tracking":false,"_monsterinsights_sitenote_active":false,"_monsterinsights_sitenote_note":"","_monsterinsights_sitenote_category":0,"footnotes":""},"categories":[175],"tags":[227,223],"class_list":["post-24627","post","type-post","status-publish","format-standard","has-post-thumbnail","hentry","category-local","tag-congreso","tag-puebla"],"amp_enabled":true,"_links":{"self":[{"href":"https:\/\/lahora.mx\/index.php\/wp-json\/wp\/v2\/posts\/24627","targetHints":{"allow":["GET"]}}],"collection":[{"href":"https:\/\/lahora.mx\/index.php\/wp-json\/wp\/v2\/posts"}],"about":[{"href":"https:\/\/lahora.mx\/index.php\/wp-json\/wp\/v2\/types\/post"}],"author":[{"embeddable":true,"href":"https:\/\/lahora.mx\/index.php\/wp-json\/wp\/v2\/users\/4"}],"replies":[{"embeddable":true,"href":"https:\/\/lahora.mx\/index.php\/wp-json\/wp\/v2\/comments?post=24627"}],"version-history":[{"count":1,"href":"https:\/\/lahora.mx\/index.php\/wp-json\/wp\/v2\/posts\/24627\/revisions"}],"predecessor-version":[{"id":24629,"href":"https:\/\/lahora.mx\/index.php\/wp-json\/wp\/v2\/posts\/24627\/revisions\/24629"}],"wp:featuredmedia":[{"embeddable":true,"href":"https:\/\/lahora.mx\/index.php\/wp-json\/wp\/v2\/media\/24628"}],"wp:attachment":[{"href":"https:\/\/lahora.mx\/index.php\/wp-json\/wp\/v2\/media?parent=24627"}],"wp:term":[{"taxonomy":"category","embeddable":true,"href":"https:\/\/lahora.mx\/index.php\/wp-json\/wp\/v2\/categories?post=24627"},{"taxonomy":"post_tag","embeddable":true,"href":"https:\/\/lahora.mx\/index.php\/wp-json\/wp\/v2\/tags?post=24627"}],"curies":[{"name":"wp","href":"https:\/\/api.w.org\/{rel}","templated":true}]}}