{"id":24624,"date":"2023-04-09T22:29:00","date_gmt":"2023-04-09T22:29:00","guid":{"rendered":"http:\/\/lahora.mx\/?p=24624"},"modified":"2023-04-09T22:29:01","modified_gmt":"2023-04-09T22:29:01","slug":"pasaje-5-de-mayo-presenta-nueva-museografia-y-discurso-curatorial","status":"publish","type":"post","link":"https:\/\/lahora.mx\/index.php\/2023\/04\/09\/pasaje-5-de-mayo-presenta-nueva-museografia-y-discurso-curatorial\/","title":{"rendered":"Pasaje 5 de mayo presenta nueva museograf\u00eda y discurso curatorial"},"content":{"rendered":"\n<p>En la administraci\u00f3n presidida por Eduardo Rivera P\u00e9rez, se impulsa la puesta en valor del legado y la herencia del municipio; por ello -a trav\u00e9s de la Gerencia del Centro Hist\u00f3rico y Patrimonio Cultural (GCHyPC), en colaboraci\u00f3n con la Secretar\u00eda de Econom\u00eda y Turismo, y el Instituto Municipal de Arte y Cultura de Puebla (IMACP)- se present\u00f3 la actualizaci\u00f3n museogr\u00e1fica y curatorial del Pasaje Hist\u00f3rico 5 de Mayo.<\/p>\n\n\n\n<p>El nuevo discurso curatorial y museogr\u00e1fico de esta antigua obra hidr\u00e1ulica, desarrollado de la mano de los investigadores e historiadores Laura Rosas Guti\u00e9rrez, Carlos Montero Pantoja, Carlos Felipe Su\u00e1rez S\u00e1nchez y Gerardo Bravo Vargas, muestra datos hist\u00f3ricos acerca de una serie galer\u00edas que, conectadas con la presa de San Jos\u00e9 y el R\u00edo de San Francisco, hac\u00edan que el agua sumergida corriera, se mantuviera retenida y\/o redistribuida para aumentar el volumen del l\u00edquido hacia el r\u00edo durante el siglo XVI y XVII.<\/p>\n\n\n\n<p>Algunos de los recursos museogr\u00e1ficos que se pueden observar durante la visita al Pasaje Hist\u00f3rico 5 de Mayo son: C\u00e9dulas informativas y fotograf\u00edas de \u00e9poca; Reproducciones de cartograf\u00eda antigua; y Paisajes sonoros que permiten una inmersi\u00f3n integral en el espacio.<\/p>\n\n\n\n<p>El Pasaje Hist\u00f3rico 5 de Mayo, ubicado en 2-A Nte. 2602\u00aa del Barrio de Xanenetla, est\u00e1 abierto al p\u00fablico de martes a domingo en un horario de 10:00 a 16:00 horas. Sus costos de entrada son: 30 pesos al p\u00fablico general; estudiantes y docentes presentando credencial, as\u00ed como adultos mayores con credencial de INAPAM pagan 12 pesos; para menores de 12 a\u00f1os la entrada es gratuita todos los d\u00edas; y los martes el acceso es libre para todo el p\u00fablico<\/p>\n","protected":false},"excerpt":{"rendered":"<p>En la administraci\u00f3n presidida por Eduardo Rivera P\u00e9rez, se impulsa la puesta en valor del legado y la herencia del municipio; por ello -a trav\u00e9s de la Gerencia del Centro Hist\u00f3rico y Patrimonio Cultural (GCHyPC), en colaboraci\u00f3n con la Secretar\u00eda de Econom\u00eda y Turismo, y el Instituto Municipal de Arte y Cultura de Puebla (IMACP)- [&hellip;]<\/p>\n","protected":false},"author":4,"featured_media":24625,"comment_status":"open","ping_status":"open","sticky":false,"template":"","format":"standard","meta":{"om_disable_all_campaigns":false,"_monsterinsights_skip_tracking":false,"_monsterinsights_sitenote_active":false,"_monsterinsights_sitenote_note":"","_monsterinsights_sitenote_category":0,"footnotes":""},"categories":[175],"tags":[223],"class_list":["post-24624","post","type-post","status-publish","format-standard","has-post-thumbnail","hentry","category-local","tag-puebla"],"amp_enabled":true,"_links":{"self":[{"href":"https:\/\/lahora.mx\/index.php\/wp-json\/wp\/v2\/posts\/24624","targetHints":{"allow":["GET"]}}],"collection":[{"href":"https:\/\/lahora.mx\/index.php\/wp-json\/wp\/v2\/posts"}],"about":[{"href":"https:\/\/lahora.mx\/index.php\/wp-json\/wp\/v2\/types\/post"}],"author":[{"embeddable":true,"href":"https:\/\/lahora.mx\/index.php\/wp-json\/wp\/v2\/users\/4"}],"replies":[{"embeddable":true,"href":"https:\/\/lahora.mx\/index.php\/wp-json\/wp\/v2\/comments?post=24624"}],"version-history":[{"count":1,"href":"https:\/\/lahora.mx\/index.php\/wp-json\/wp\/v2\/posts\/24624\/revisions"}],"predecessor-version":[{"id":24626,"href":"https:\/\/lahora.mx\/index.php\/wp-json\/wp\/v2\/posts\/24624\/revisions\/24626"}],"wp:featuredmedia":[{"embeddable":true,"href":"https:\/\/lahora.mx\/index.php\/wp-json\/wp\/v2\/media\/24625"}],"wp:attachment":[{"href":"https:\/\/lahora.mx\/index.php\/wp-json\/wp\/v2\/media?parent=24624"}],"wp:term":[{"taxonomy":"category","embeddable":true,"href":"https:\/\/lahora.mx\/index.php\/wp-json\/wp\/v2\/categories?post=24624"},{"taxonomy":"post_tag","embeddable":true,"href":"https:\/\/lahora.mx\/index.php\/wp-json\/wp\/v2\/tags?post=24624"}],"curies":[{"name":"wp","href":"https:\/\/api.w.org\/{rel}","templated":true}]}}