{"id":24620,"date":"2023-04-09T22:11:44","date_gmt":"2023-04-09T22:11:44","guid":{"rendered":"http:\/\/lahora.mx\/?p=24620"},"modified":"2023-04-09T22:11:44","modified_gmt":"2023-04-09T22:11:44","slug":"el-prieto-y-el-memo-de-la-banda-los-jayas-son-detenidos-por-la-policia-municipal-de-puebla","status":"publish","type":"post","link":"https:\/\/lahora.mx\/index.php\/2023\/04\/09\/el-prieto-y-el-memo-de-la-banda-los-jayas-son-detenidos-por-la-policia-municipal-de-puebla\/","title":{"rendered":"\u00abEl prieto\u00bb y \u00abel memo\u00bb de la banda los jayas  son detenidos por la polic\u00eda municipal de Puebla"},"content":{"rendered":"\n<p>En seguimiento puntual a las acciones encaminadas a combatir la delincuencia, la Secretar\u00eda de Seguridad Ciudadana (SSC) del Municipio detuvo a dos integrantes de \u00abLos Jayas\u00bb, grupo delictivo dedicado al robo en sus diferentes modalidades.<\/p>\n\n\n\n<figure class=\"wp-block-image size-full\"><img fetchpriority=\"high\" decoding=\"async\" width=\"648\" height=\"691\" src=\"https:\/\/lahora.mx\/wp-content\/uploads\/2023\/04\/Captura-de-pantalla-2023-04-09-a-las-16.56.59.png\" alt=\"\" class=\"wp-image-24622\" srcset=\"https:\/\/lahora.mx\/wp-content\/uploads\/2023\/04\/Captura-de-pantalla-2023-04-09-a-las-16.56.59.png 648w, https:\/\/lahora.mx\/wp-content\/uploads\/2023\/04\/Captura-de-pantalla-2023-04-09-a-las-16.56.59-281x300.png 281w\" sizes=\"(max-width: 648px) 100vw, 648px\" \/><\/figure>\n\n\n\n<p>A trav\u00e9s de un patrullaje focalizado en inmediaciones de la colonia San Pedro, polic\u00edas municipales adscritos al Grupo de Reacci\u00f3n Operativa Contra Asaltos (ROCAS) ubicaron y detuvieron a Alejandro \u00abN.\u00bb, alias \u00abEl Prieto o El Baraco\u00bb, de 43 a\u00f1os de edad y Guillermo \u00abN.\u00bb, alias \u00abEl Memo\u00bb, de 40 a\u00f1os de edad, quienes fueron sorprendidos en posesi\u00f3n ilegal de posible droga y una pistola.<\/p>\n\n\n\n<p>Durante el desarrollo del protocolo de actuaci\u00f3n policial, los uniformados aseguraron alrededor de una decena de envoltorios con hierba verde, similar a la marihuana, un arma de fuego, tipo escuadra y un veh\u00edculo Nissan, tipo Tsuru, color negro con amarillo.<\/p>\n\n\n\n<p>Los ahora detenidos formar\u00edan parte de \u00abLos Jayas\u00bb, c\u00e9lula delictiva dedicada al robo con violencia de negocio, casa habitaci\u00f3n, veh\u00edculo y transporte de carga, principalmente al norte de la ciudad. Adem\u00e1s, estar\u00edan relacionados en el robo en contra de un establecimiento dedicado a la venta de metales, en la Junta Auxiliar San Sebasti\u00e1n de Aparicio.<\/p>\n\n\n\n<p>Cabe se\u00f1alar que, en lo que va de la administraci\u00f3n se ha logrado la detenci\u00f3n de ocho miembros de esta banda criminal.<\/p>\n\n\n\n<p>Finalmente, los indiciados quedaron a disposici\u00f3n del Ministerio P\u00fablico por delitos contra la salud y portaci\u00f3n de arma de fuego sin la licencia correspondiente.<\/p>\n\n\n\n<p>La SSC de Puebla exhorta a la ciudadan\u00eda a que, en caso de reconocer a dichas personas como responsables de m\u00e1s il\u00edcitos, formalice su denuncia ante la Fiscal\u00eda General del Estado (FGE).<\/p>\n\n\n\n<p>Puebla va por buen rumbo. \u00a1T\u00fa seguridad, compromiso de todos!<\/p>\n","protected":false},"excerpt":{"rendered":"<p>En seguimiento puntual a las acciones encaminadas a combatir la delincuencia, la Secretar\u00eda de Seguridad Ciudadana (SSC) del Municipio detuvo a dos integrantes de \u00abLos Jayas\u00bb, grupo delictivo dedicado al robo en sus diferentes modalidades. A trav\u00e9s de un patrullaje focalizado en inmediaciones de la colonia San Pedro, polic\u00edas municipales adscritos al Grupo de Reacci\u00f3n [&hellip;]<\/p>\n","protected":false},"author":4,"featured_media":24621,"comment_status":"open","ping_status":"open","sticky":false,"template":"","format":"standard","meta":{"om_disable_all_campaigns":false,"_monsterinsights_skip_tracking":false,"_monsterinsights_sitenote_active":false,"_monsterinsights_sitenote_note":"","_monsterinsights_sitenote_category":0,"footnotes":""},"categories":[175],"tags":[223],"class_list":["post-24620","post","type-post","status-publish","format-standard","has-post-thumbnail","hentry","category-local","tag-puebla"],"amp_enabled":true,"_links":{"self":[{"href":"https:\/\/lahora.mx\/index.php\/wp-json\/wp\/v2\/posts\/24620","targetHints":{"allow":["GET"]}}],"collection":[{"href":"https:\/\/lahora.mx\/index.php\/wp-json\/wp\/v2\/posts"}],"about":[{"href":"https:\/\/lahora.mx\/index.php\/wp-json\/wp\/v2\/types\/post"}],"author":[{"embeddable":true,"href":"https:\/\/lahora.mx\/index.php\/wp-json\/wp\/v2\/users\/4"}],"replies":[{"embeddable":true,"href":"https:\/\/lahora.mx\/index.php\/wp-json\/wp\/v2\/comments?post=24620"}],"version-history":[{"count":1,"href":"https:\/\/lahora.mx\/index.php\/wp-json\/wp\/v2\/posts\/24620\/revisions"}],"predecessor-version":[{"id":24623,"href":"https:\/\/lahora.mx\/index.php\/wp-json\/wp\/v2\/posts\/24620\/revisions\/24623"}],"wp:featuredmedia":[{"embeddable":true,"href":"https:\/\/lahora.mx\/index.php\/wp-json\/wp\/v2\/media\/24621"}],"wp:attachment":[{"href":"https:\/\/lahora.mx\/index.php\/wp-json\/wp\/v2\/media?parent=24620"}],"wp:term":[{"taxonomy":"category","embeddable":true,"href":"https:\/\/lahora.mx\/index.php\/wp-json\/wp\/v2\/categories?post=24620"},{"taxonomy":"post_tag","embeddable":true,"href":"https:\/\/lahora.mx\/index.php\/wp-json\/wp\/v2\/tags?post=24620"}],"curies":[{"name":"wp","href":"https:\/\/api.w.org\/{rel}","templated":true}]}}