{"id":24605,"date":"2023-04-09T20:54:04","date_gmt":"2023-04-09T20:54:04","guid":{"rendered":"http:\/\/lahora.mx\/?p=24605"},"modified":"2023-04-09T20:54:05","modified_gmt":"2023-04-09T20:54:05","slug":"armenta-ha-realizado-300-jornadas-informativas-a-favor-de-la-salud-de-las-y-los-poblanos","status":"publish","type":"post","link":"https:\/\/lahora.mx\/index.php\/2023\/04\/09\/armenta-ha-realizado-300-jornadas-informativas-a-favor-de-la-salud-de-las-y-los-poblanos\/","title":{"rendered":"Armenta ha realizado 300 jornadas informativas a favor de la salud de las y los poblanos"},"content":{"rendered":"\n<p>En protecci\u00f3n del derecho a la alimentaci\u00f3n y a la informaci\u00f3n a los consumidores, en la C\u00e1mara Alta se impuls\u00f3 el etiquetado de advertencia de alto contenido energ\u00e9tico, de az\u00facares a\u00f1adidos, sodio y de grasas en productos procesados, as\u00ed lo remarc\u00f3 el senador de Morena Alejandro Armenta con madres y padres de familia de la colonia Historiadores en la ciudad capital.<\/p>\n\n\n\n<p>El legislador poblano acudi\u00f3 a invitaci\u00f3n de los colonos para presentar su libro \u201cLa Pandemia de los Edulcorantes en M\u00e9xico\u201d donde habla de los riesgos por el consumo de bebidas azucaradas y productos procesados, cuya ingesta en grandes proporciones afecta la salud de las personas.<\/p>\n\n\n\n<p>A trav\u00e9s de estas jornadas informativas que realiza el senador de Morena, Alejandro Armenta coadyuva a la pol\u00edtica de salud del presidente Andr\u00e9s Manuel L\u00f3pez Obrador para hacer frente a la epidemia de obesidad, sobrepeso y diabetes que se registra en el pa\u00eds por el alto consumo de dichos productos.<\/p>\n\n\n\n<p>El senador Armenta comparti\u00f3 con las familias reunidas al nororiente de la ciudad de Puebla que \u201cel gobierno federal de la 4T ha reforzado acciones concretas a favor de la salud y los buenos h\u00e1bitos alimenticios, a trav\u00e9s de una fuerte campa\u00f1a de orientaci\u00f3n para prevenir la obesidad, que se considera un problema grave en nuestro pa\u00eds\u201d.<\/p>\n\n\n\n<p>Alejandro Armenta refiri\u00f3 que incluso el ejecutivo federal destina tiempos oficiales en radio y televisi\u00f3n para difundir los mensajes de concientizaci\u00f3n; reforzando esta acci\u00f3n con la Secretar\u00eda de Educaci\u00f3n P\u00fablica para incluir contenidos sobre una vida saludable.<\/p>\n\n\n\n<p>Cabe mencionar que, por medio de estas jornadas informativas de su libro, el senador de Morena Alejandro Armenta ha recorrido diversas partes de la entidad, realizando alrededor de 300 reuniones para alertar sobre el alto consumo de bebidas azucaradas principalmente; libro que est\u00e1 disponible de manera gratuita en su p\u00e1gina alejandroarmenta.com.mx<\/p>\n","protected":false},"excerpt":{"rendered":"<p>En protecci\u00f3n del derecho a la alimentaci\u00f3n y a la informaci\u00f3n a los consumidores, en la C\u00e1mara Alta se impuls\u00f3 el etiquetado de advertencia de alto contenido energ\u00e9tico, de az\u00facares a\u00f1adidos, sodio y de grasas en productos procesados, as\u00ed lo remarc\u00f3 el senador de Morena Alejandro Armenta con madres y padres de familia de la [&hellip;]<\/p>\n","protected":false},"author":4,"featured_media":24606,"comment_status":"open","ping_status":"open","sticky":false,"template":"","format":"standard","meta":{"om_disable_all_campaigns":false,"_monsterinsights_skip_tracking":false,"_monsterinsights_sitenote_active":false,"_monsterinsights_sitenote_note":"","_monsterinsights_sitenote_category":0,"footnotes":""},"categories":[175],"tags":[223],"class_list":["post-24605","post","type-post","status-publish","format-standard","has-post-thumbnail","hentry","category-local","tag-puebla"],"amp_enabled":true,"_links":{"self":[{"href":"https:\/\/lahora.mx\/index.php\/wp-json\/wp\/v2\/posts\/24605","targetHints":{"allow":["GET"]}}],"collection":[{"href":"https:\/\/lahora.mx\/index.php\/wp-json\/wp\/v2\/posts"}],"about":[{"href":"https:\/\/lahora.mx\/index.php\/wp-json\/wp\/v2\/types\/post"}],"author":[{"embeddable":true,"href":"https:\/\/lahora.mx\/index.php\/wp-json\/wp\/v2\/users\/4"}],"replies":[{"embeddable":true,"href":"https:\/\/lahora.mx\/index.php\/wp-json\/wp\/v2\/comments?post=24605"}],"version-history":[{"count":1,"href":"https:\/\/lahora.mx\/index.php\/wp-json\/wp\/v2\/posts\/24605\/revisions"}],"predecessor-version":[{"id":24607,"href":"https:\/\/lahora.mx\/index.php\/wp-json\/wp\/v2\/posts\/24605\/revisions\/24607"}],"wp:featuredmedia":[{"embeddable":true,"href":"https:\/\/lahora.mx\/index.php\/wp-json\/wp\/v2\/media\/24606"}],"wp:attachment":[{"href":"https:\/\/lahora.mx\/index.php\/wp-json\/wp\/v2\/media?parent=24605"}],"wp:term":[{"taxonomy":"category","embeddable":true,"href":"https:\/\/lahora.mx\/index.php\/wp-json\/wp\/v2\/categories?post=24605"},{"taxonomy":"post_tag","embeddable":true,"href":"https:\/\/lahora.mx\/index.php\/wp-json\/wp\/v2\/tags?post=24605"}],"curies":[{"name":"wp","href":"https:\/\/api.w.org\/{rel}","templated":true}]}}