{"id":24590,"date":"2023-04-08T19:14:38","date_gmt":"2023-04-08T19:14:38","guid":{"rendered":"http:\/\/lahora.mx\/?p=24590"},"modified":"2023-04-08T19:14:38","modified_gmt":"2023-04-08T19:14:38","slug":"eduardo-rivera-inaugura-torneo-nacional-de-regiones-de-beisbol","status":"publish","type":"post","link":"https:\/\/lahora.mx\/index.php\/2023\/04\/08\/eduardo-rivera-inaugura-torneo-nacional-de-regiones-de-beisbol\/","title":{"rendered":"Eduardo Rivera inaugura Torneo Nacional de Regiones de B\u00e9isbol"},"content":{"rendered":"\n<p>En el Deportivo Altepetitla, el presidente municipal de Puebla, Eduardo Rivera P\u00e9rez, inaugur\u00f3 el Torneo Nacional de Regiones de B\u00e9isbol, en su categor\u00eda de cinco y seis a\u00f1os, que re\u00fane a cientos de participantes de al menos 17 entidades y generar\u00e1 una derrama econ\u00f3mica superior a los ocho millones de pesos.<\/p>\n\n\n\n<p>El edil subray\u00f3 que durante una semana, ni\u00f1os y padres de familia originarios de Sonora, Baja California, Ciudad Ju\u00e1rez, Aguascalientes, Tabasco, Veracruz, Yucat\u00e1n, Ciudad de M\u00e9xico, Nuevo Le\u00f3n, Chihuahua, Mazatl\u00e1n, Guadalajara, Sinaloa, Tamaulipas, Campeche, Morelos y de la entidad poblana estar\u00e1n en la capital con motivo del torneo.<\/p>\n\n\n\n<p>En este sentido, reconoci\u00f3 que exista inter\u00e9s de los paterfamilias para que los ni\u00f1os practiquen deporte, ya que de esa forma tambi\u00e9n se contribuye a fomentar en ellos buenos h\u00e1bitos de salud.<br>\u201cTodos queremos un M\u00e9xico mejor, todos queremos un M\u00e9xico en paz, todos queremos un M\u00e9xico en armon\u00eda y a veces no hacemos lo propio para lograrlo y quienes est\u00e1n aqu\u00ed, los ni\u00f1os, las ni\u00f1as, los entrenadores, los pap\u00e1s, est\u00e1n haciendo lo propio para tener ese M\u00e9xico en paz, para tener ese M\u00e9xico sano, si queremos un M\u00e9xico en paz y un M\u00e9xico sano, se empieza por nuestras familias, se empieza por nuestros ni\u00f1os\u201d, acentu\u00f3.<\/p>\n\n\n\n<p>Rivera P\u00e9rez agreg\u00f3 que la capital poblana cuenta con las condiciones para ser sede de eventos deportivos de calidad y que, desde el gobierno municipal se ha buscado atraerlos, por lo que en breve tambi\u00e9n se desarrollar\u00e1 el Torneo nacional de P\u00c1DEL y el Campeonato mundial de f\u00fatbol siete.<\/p>\n\n\n\n<p>En otro orden de ideas, el presidente report\u00f3 que existe saldo blanco en lo que va de las vacaciones con motivo de la Semana Santa, ya que durante el viernes s\u00f3lo se report\u00f3 una ri\u00f1a en una junta auxiliar, misma que se atendi\u00f3 por parte de la autoridad.<\/p>\n","protected":false},"excerpt":{"rendered":"<p>En el Deportivo Altepetitla, el presidente municipal de Puebla, Eduardo Rivera P\u00e9rez, inaugur\u00f3 el Torneo Nacional de Regiones de B\u00e9isbol, en su categor\u00eda de cinco y seis a\u00f1os, que re\u00fane a cientos de participantes de al menos 17 entidades y generar\u00e1 una derrama econ\u00f3mica superior a los ocho millones de pesos. El edil subray\u00f3 que [&hellip;]<\/p>\n","protected":false},"author":4,"featured_media":24591,"comment_status":"open","ping_status":"open","sticky":false,"template":"","format":"standard","meta":{"om_disable_all_campaigns":false,"_monsterinsights_skip_tracking":false,"_monsterinsights_sitenote_active":false,"_monsterinsights_sitenote_note":"","_monsterinsights_sitenote_category":0,"footnotes":""},"categories":[175],"tags":[223],"class_list":["post-24590","post","type-post","status-publish","format-standard","has-post-thumbnail","hentry","category-local","tag-puebla"],"amp_enabled":true,"_links":{"self":[{"href":"https:\/\/lahora.mx\/index.php\/wp-json\/wp\/v2\/posts\/24590","targetHints":{"allow":["GET"]}}],"collection":[{"href":"https:\/\/lahora.mx\/index.php\/wp-json\/wp\/v2\/posts"}],"about":[{"href":"https:\/\/lahora.mx\/index.php\/wp-json\/wp\/v2\/types\/post"}],"author":[{"embeddable":true,"href":"https:\/\/lahora.mx\/index.php\/wp-json\/wp\/v2\/users\/4"}],"replies":[{"embeddable":true,"href":"https:\/\/lahora.mx\/index.php\/wp-json\/wp\/v2\/comments?post=24590"}],"version-history":[{"count":1,"href":"https:\/\/lahora.mx\/index.php\/wp-json\/wp\/v2\/posts\/24590\/revisions"}],"predecessor-version":[{"id":24592,"href":"https:\/\/lahora.mx\/index.php\/wp-json\/wp\/v2\/posts\/24590\/revisions\/24592"}],"wp:featuredmedia":[{"embeddable":true,"href":"https:\/\/lahora.mx\/index.php\/wp-json\/wp\/v2\/media\/24591"}],"wp:attachment":[{"href":"https:\/\/lahora.mx\/index.php\/wp-json\/wp\/v2\/media?parent=24590"}],"wp:term":[{"taxonomy":"category","embeddable":true,"href":"https:\/\/lahora.mx\/index.php\/wp-json\/wp\/v2\/categories?post=24590"},{"taxonomy":"post_tag","embeddable":true,"href":"https:\/\/lahora.mx\/index.php\/wp-json\/wp\/v2\/tags?post=24590"}],"curies":[{"name":"wp","href":"https:\/\/api.w.org\/{rel}","templated":true}]}}