{"id":24583,"date":"2023-04-08T18:56:17","date_gmt":"2023-04-08T18:56:17","guid":{"rendered":"http:\/\/lahora.mx\/?p=24583"},"modified":"2023-04-08T18:56:18","modified_gmt":"2023-04-08T18:56:18","slug":"en-orden-y-paz-procesion-de-viernes-santo-en-puebla-capital","status":"publish","type":"post","link":"https:\/\/lahora.mx\/index.php\/2023\/04\/08\/en-orden-y-paz-procesion-de-viernes-santo-en-puebla-capital\/","title":{"rendered":"En orden y paz procesi\u00f3n de viernes santo en Puebla capital"},"content":{"rendered":"\n<p>En Puebla capital, miles de feligreses y turistas participaron en la Procesi\u00f3n de Viernes Santo en un ambiente de paz, orden y seguridad; con saldo blanco, el despliegue interinstitucional del Ayuntamiento de Puebla fue un \u00e9xito.<\/p>\n\n\n\n<p>Adicionalmente, este Jueves y Viernes Santos la ocupaci\u00f3n hotelera en el Centro Hist\u00f3rico se reporta superior al 90 por ciento -llegando en algunos inmuebles al 100 por ciento-.<\/p>\n\n\n\n<p>Con un importante despliegue de personal tanto de Polic\u00eda, Tr\u00e1nsito como de agentes de Prevenci\u00f3n del Delito y Atenci\u00f3n a V\u00edctimas se resguard\u00f3 el orden, destacando \u00fanicamente el extrav\u00edo de un menor que fue ubicado por los uniformados y entregado a sus padres bajo buen resguardo.<\/p>\n\n\n\n<p>Por su parte, elementos de Protecci\u00f3n Civil atendieron a algunas personas afectadas por golpe de calor, sin que ning\u00fan incidente pasara a mayores.<\/p>\n\n\n\n<p>Adicionalmente, trabajadores del Organismo Operador del Servicio de Limpia (OSSL) laboraron en las calles del Centro Hist\u00f3rico, donde tras el paso de la Procesi\u00f3n de Viernes Santo se recolect\u00f3 un estimado de 5.5 toneladas de residuos s\u00f3lidos urbanos.<\/p>\n","protected":false},"excerpt":{"rendered":"<p>En Puebla capital, miles de feligreses y turistas participaron en la Procesi\u00f3n de Viernes Santo en un ambiente de paz, orden y seguridad; con saldo blanco, el despliegue interinstitucional del Ayuntamiento de Puebla fue un \u00e9xito. Adicionalmente, este Jueves y Viernes Santos la ocupaci\u00f3n hotelera en el Centro Hist\u00f3rico se reporta superior al 90 por [&hellip;]<\/p>\n","protected":false},"author":4,"featured_media":24585,"comment_status":"open","ping_status":"open","sticky":false,"template":"","format":"standard","meta":{"om_disable_all_campaigns":false,"_monsterinsights_skip_tracking":false,"_monsterinsights_sitenote_active":false,"_monsterinsights_sitenote_note":"","_monsterinsights_sitenote_category":0,"footnotes":""},"categories":[175],"tags":[223],"class_list":["post-24583","post","type-post","status-publish","format-standard","has-post-thumbnail","hentry","category-local","tag-puebla"],"amp_enabled":true,"_links":{"self":[{"href":"https:\/\/lahora.mx\/index.php\/wp-json\/wp\/v2\/posts\/24583","targetHints":{"allow":["GET"]}}],"collection":[{"href":"https:\/\/lahora.mx\/index.php\/wp-json\/wp\/v2\/posts"}],"about":[{"href":"https:\/\/lahora.mx\/index.php\/wp-json\/wp\/v2\/types\/post"}],"author":[{"embeddable":true,"href":"https:\/\/lahora.mx\/index.php\/wp-json\/wp\/v2\/users\/4"}],"replies":[{"embeddable":true,"href":"https:\/\/lahora.mx\/index.php\/wp-json\/wp\/v2\/comments?post=24583"}],"version-history":[{"count":1,"href":"https:\/\/lahora.mx\/index.php\/wp-json\/wp\/v2\/posts\/24583\/revisions"}],"predecessor-version":[{"id":24586,"href":"https:\/\/lahora.mx\/index.php\/wp-json\/wp\/v2\/posts\/24583\/revisions\/24586"}],"wp:featuredmedia":[{"embeddable":true,"href":"https:\/\/lahora.mx\/index.php\/wp-json\/wp\/v2\/media\/24585"}],"wp:attachment":[{"href":"https:\/\/lahora.mx\/index.php\/wp-json\/wp\/v2\/media?parent=24583"}],"wp:term":[{"taxonomy":"category","embeddable":true,"href":"https:\/\/lahora.mx\/index.php\/wp-json\/wp\/v2\/categories?post=24583"},{"taxonomy":"post_tag","embeddable":true,"href":"https:\/\/lahora.mx\/index.php\/wp-json\/wp\/v2\/tags?post=24583"}],"curies":[{"name":"wp","href":"https:\/\/api.w.org\/{rel}","templated":true}]}}