{"id":24578,"date":"2023-04-08T17:31:36","date_gmt":"2023-04-08T17:31:36","guid":{"rendered":"http:\/\/lahora.mx\/?p=24578"},"modified":"2023-04-08T17:31:36","modified_gmt":"2023-04-08T17:31:36","slug":"fin-de-semana-de-arte-y-cultura-para-todas-y-todos-en-puebla-capital","status":"publish","type":"post","link":"https:\/\/lahora.mx\/index.php\/2023\/04\/08\/fin-de-semana-de-arte-y-cultura-para-todas-y-todos-en-puebla-capital\/","title":{"rendered":"Fin de semana de arte y cultura para todas y todos en Puebla capital"},"content":{"rendered":"\n<p>El Ayuntamiento de Puebla, a trav\u00e9s del Instituto Municipal de Arte y Cultura de Puebla (IMACP), invita a disfrutar estas fechas con S\u00e1bados y Domingos de Arte para Todos.<\/p>\n\n\n\n<p>Este s\u00e1bado 08 de abril -a las 16:00 horas- en el Jard\u00edn de San Luis se podr\u00e1 disfrutar la m\u00fasica reguinak de Javier Mares; al mismo tiempo, en el Z\u00f3calo se contar\u00e1 con la presentaci\u00f3n de \u201cClown Nino\u201d a cargo de la Compa\u00f1\u00eda de Espect\u00e1culos Mirari, posteriormente el cantautor de folk urbano Edd Ram\u00e9, integrante de la Familia Art\u00edstica Poblana, mostrar\u00e1 su talento en el mismo lugar.<\/p>\n\n\n\n<figure class=\"wp-block-image size-full\"><img fetchpriority=\"high\" decoding=\"async\" width=\"757\" height=\"750\" src=\"https:\/\/lahora.mx\/wp-content\/uploads\/2023\/04\/Captura-de-pantalla-2023-04-08-a-las-12.31.16.png\" alt=\"\" class=\"wp-image-24581\" srcset=\"https:\/\/lahora.mx\/wp-content\/uploads\/2023\/04\/Captura-de-pantalla-2023-04-08-a-las-12.31.16.png 757w, https:\/\/lahora.mx\/wp-content\/uploads\/2023\/04\/Captura-de-pantalla-2023-04-08-a-las-12.31.16-300x297.png 300w, https:\/\/lahora.mx\/wp-content\/uploads\/2023\/04\/Captura-de-pantalla-2023-04-08-a-las-12.31.16-150x150.png 150w, https:\/\/lahora.mx\/wp-content\/uploads\/2023\/04\/Captura-de-pantalla-2023-04-08-a-las-12.31.16-80x80.png 80w\" sizes=\"(max-width: 757px) 100vw, 757px\" \/><\/figure>\n\n\n\n<p>Familias y amigos podr\u00e1n deleitarse el domingo 09 de abril, a las 12:00 horas en el Teatro de la Ciudad, con la Banda Sinf\u00f3nica Municipal; quienes les gusta el baile, a las 16:00 horas al Z\u00f3calo se podr\u00e1 ver la presentaci\u00f3n del Ballet Juvenil de la Ciudad de Puebla.<\/p>\n\n\n\n<figure class=\"wp-block-image size-full\"><img decoding=\"async\" width=\"755\" height=\"754\" src=\"https:\/\/lahora.mx\/wp-content\/uploads\/2023\/04\/Captura-de-pantalla-2023-04-08-a-las-12.31.41.png\" alt=\"\" class=\"wp-image-24580\" srcset=\"https:\/\/lahora.mx\/wp-content\/uploads\/2023\/04\/Captura-de-pantalla-2023-04-08-a-las-12.31.41.png 755w, https:\/\/lahora.mx\/wp-content\/uploads\/2023\/04\/Captura-de-pantalla-2023-04-08-a-las-12.31.41-300x300.png 300w, https:\/\/lahora.mx\/wp-content\/uploads\/2023\/04\/Captura-de-pantalla-2023-04-08-a-las-12.31.41-150x150.png 150w, https:\/\/lahora.mx\/wp-content\/uploads\/2023\/04\/Captura-de-pantalla-2023-04-08-a-las-12.31.41-80x80.png 80w\" sizes=\"(max-width: 755px) 100vw, 755px\" \/><\/figure>\n\n\n\n<p>Y para concluir la semana, a las 17:00 horas se contar\u00e1 con la presentaci\u00f3n de la Compa\u00f1\u00eda de Danza Regional de Puebla, mientras en el Teatro de la Ciudad se llevar\u00e1 a cabo el cuarto concierto del ciclo \u201cM\u00fasica del silencio: la m\u00fasica de las Compositoras Olvidadas\u201d por la pianista y compositora Andrea Ortiz N\u00fa\u00f1ez, seguido por la Clausura del 75 Congreso Nacional de Danza Puebla 2023 con danza y tradici\u00f3n para todo p\u00fablico.<\/p>\n\n\n\n<p>Todos los eventos son gratuitos, se puede consultar la cartelera en la p\u00e1gina pueblacapital.gob.mx o en las redes sociales @PueblaAyto e @IMACP.<\/p>\n","protected":false},"excerpt":{"rendered":"<p>El Ayuntamiento de Puebla, a trav\u00e9s del Instituto Municipal de Arte y Cultura de Puebla (IMACP), invita a disfrutar estas fechas con S\u00e1bados y Domingos de Arte para Todos. Este s\u00e1bado 08 de abril -a las 16:00 horas- en el Jard\u00edn de San Luis se podr\u00e1 disfrutar la m\u00fasica reguinak de Javier Mares; al mismo [&hellip;]<\/p>\n","protected":false},"author":4,"featured_media":24579,"comment_status":"open","ping_status":"open","sticky":false,"template":"","format":"standard","meta":{"om_disable_all_campaigns":false,"_monsterinsights_skip_tracking":false,"_monsterinsights_sitenote_active":false,"_monsterinsights_sitenote_note":"","_monsterinsights_sitenote_category":0,"footnotes":""},"categories":[175],"tags":[195,223],"class_list":["post-24578","post","type-post","status-publish","format-standard","has-post-thumbnail","hentry","category-local","tag-principal","tag-puebla"],"amp_enabled":true,"_links":{"self":[{"href":"https:\/\/lahora.mx\/index.php\/wp-json\/wp\/v2\/posts\/24578","targetHints":{"allow":["GET"]}}],"collection":[{"href":"https:\/\/lahora.mx\/index.php\/wp-json\/wp\/v2\/posts"}],"about":[{"href":"https:\/\/lahora.mx\/index.php\/wp-json\/wp\/v2\/types\/post"}],"author":[{"embeddable":true,"href":"https:\/\/lahora.mx\/index.php\/wp-json\/wp\/v2\/users\/4"}],"replies":[{"embeddable":true,"href":"https:\/\/lahora.mx\/index.php\/wp-json\/wp\/v2\/comments?post=24578"}],"version-history":[{"count":1,"href":"https:\/\/lahora.mx\/index.php\/wp-json\/wp\/v2\/posts\/24578\/revisions"}],"predecessor-version":[{"id":24582,"href":"https:\/\/lahora.mx\/index.php\/wp-json\/wp\/v2\/posts\/24578\/revisions\/24582"}],"wp:featuredmedia":[{"embeddable":true,"href":"https:\/\/lahora.mx\/index.php\/wp-json\/wp\/v2\/media\/24579"}],"wp:attachment":[{"href":"https:\/\/lahora.mx\/index.php\/wp-json\/wp\/v2\/media?parent=24578"}],"wp:term":[{"taxonomy":"category","embeddable":true,"href":"https:\/\/lahora.mx\/index.php\/wp-json\/wp\/v2\/categories?post=24578"},{"taxonomy":"post_tag","embeddable":true,"href":"https:\/\/lahora.mx\/index.php\/wp-json\/wp\/v2\/tags?post=24578"}],"curies":[{"name":"wp","href":"https:\/\/api.w.org\/{rel}","templated":true}]}}