{"id":24575,"date":"2023-04-07T23:50:48","date_gmt":"2023-04-07T23:50:48","guid":{"rendered":"http:\/\/lahora.mx\/?p=24575"},"modified":"2023-04-07T23:50:49","modified_gmt":"2023-04-07T23:50:49","slug":"engrillados-de-atlixco-la-tormentosa-procesion-de-viernes-santo-en-puebla","status":"publish","type":"post","link":"https:\/\/lahora.mx\/index.php\/2023\/04\/07\/engrillados-de-atlixco-la-tormentosa-procesion-de-viernes-santo-en-puebla\/","title":{"rendered":"Engrillados de Atlixco, la tormentosa procesi\u00f3n de Viernes Santo en Puebla"},"content":{"rendered":"\n<p>A paso lento, bajo el rayo del sol y con pesadas cadenas y espinas, avanzan los engrillados de Atlixco, se trata de una de las procesiones de Viernes Santo que atrae las miradas de M\u00e9xico y el mundo por la forma en que los locales esp\u00edan sus cultas.<\/p>\n\n\n\n<p>Este a\u00f1o en la procesi\u00f3n de los engrillados de Atlixco participan alrededor de 35 hombres quienes atan a sus torsos y tobillos cadenas que llegan a pesar hasta 50 kilogramos, en tanto que en piernas y brazos se entierran espinas de un \u00e1rbol conocido como huizache.<\/p>\n\n\n\n<p>Pero eso no es todo y es que adem\u00e1s del largo caminar bajo el candente sol, durante la procesi\u00f3n, los engrillados de Atlixco, algunos descalzos y otros m\u00e1s con sandalias, tampoco toman agua, ni ning\u00fan otro l\u00edquido, \u00fanicamente se permiten chupar un lim\u00f3n, mismo que cargan en una charola que llevan en las manos.<\/p>\n\n\n\n<p>As\u00ed los engrillados de Atlixco se han convertido en una dolora muestra de fe, arrepentimiento y agradecimiento a Dios durante Semana Santa 2023, por los favores recibidos en el a\u00f1o y cuya tradici\u00f3n, se dice, inici\u00f3 por un ritual de bujer\u00eda.<\/p>\n","protected":false},"excerpt":{"rendered":"<p>A paso lento, bajo el rayo del sol y con pesadas cadenas y espinas, avanzan los engrillados de Atlixco, se trata de una de las procesiones de Viernes Santo que atrae las miradas de M\u00e9xico y el mundo por la forma en que los locales esp\u00edan sus cultas. Este a\u00f1o en la procesi\u00f3n de los [&hellip;]<\/p>\n","protected":false},"author":4,"featured_media":24576,"comment_status":"open","ping_status":"open","sticky":false,"template":"","format":"standard","meta":{"om_disable_all_campaigns":false,"_monsterinsights_skip_tracking":false,"_monsterinsights_sitenote_active":false,"_monsterinsights_sitenote_note":"","_monsterinsights_sitenote_category":0,"footnotes":""},"categories":[175],"tags":[223],"class_list":["post-24575","post","type-post","status-publish","format-standard","has-post-thumbnail","hentry","category-local","tag-puebla"],"amp_enabled":true,"_links":{"self":[{"href":"https:\/\/lahora.mx\/index.php\/wp-json\/wp\/v2\/posts\/24575","targetHints":{"allow":["GET"]}}],"collection":[{"href":"https:\/\/lahora.mx\/index.php\/wp-json\/wp\/v2\/posts"}],"about":[{"href":"https:\/\/lahora.mx\/index.php\/wp-json\/wp\/v2\/types\/post"}],"author":[{"embeddable":true,"href":"https:\/\/lahora.mx\/index.php\/wp-json\/wp\/v2\/users\/4"}],"replies":[{"embeddable":true,"href":"https:\/\/lahora.mx\/index.php\/wp-json\/wp\/v2\/comments?post=24575"}],"version-history":[{"count":1,"href":"https:\/\/lahora.mx\/index.php\/wp-json\/wp\/v2\/posts\/24575\/revisions"}],"predecessor-version":[{"id":24577,"href":"https:\/\/lahora.mx\/index.php\/wp-json\/wp\/v2\/posts\/24575\/revisions\/24577"}],"wp:featuredmedia":[{"embeddable":true,"href":"https:\/\/lahora.mx\/index.php\/wp-json\/wp\/v2\/media\/24576"}],"wp:attachment":[{"href":"https:\/\/lahora.mx\/index.php\/wp-json\/wp\/v2\/media?parent=24575"}],"wp:term":[{"taxonomy":"category","embeddable":true,"href":"https:\/\/lahora.mx\/index.php\/wp-json\/wp\/v2\/categories?post=24575"},{"taxonomy":"post_tag","embeddable":true,"href":"https:\/\/lahora.mx\/index.php\/wp-json\/wp\/v2\/tags?post=24575"}],"curies":[{"name":"wp","href":"https:\/\/api.w.org\/{rel}","templated":true}]}}