{"id":24572,"date":"2023-04-07T22:56:13","date_gmt":"2023-04-07T22:56:13","guid":{"rendered":"http:\/\/lahora.mx\/?p=24572"},"modified":"2023-04-07T22:56:13","modified_gmt":"2023-04-07T22:56:13","slug":"apagan-incendio-en-cerro-grande-en-los-limites-de-chietla","status":"publish","type":"post","link":"https:\/\/lahora.mx\/index.php\/2023\/04\/07\/apagan-incendio-en-cerro-grande-en-los-limites-de-chietla\/","title":{"rendered":"Apagan incendio en Cerro Grande, en los l\u00edmites de Chietla"},"content":{"rendered":"\n<p>Luego de permanecer m\u00e1s de cuatro d\u00edas en llamas, finalmente autoridades municipales y del estado de Puebla lograron sofocar las llamaradas del Cerro Grande, ubicado en los l\u00edmites de Chietla, enclavado en la Mixteca Poblana.<\/p>\n\n\n\n<p>Fue desde el pasado viernes 31 de marzo, que habitantes de las comunidades cercanas reportaron el incendio que empez\u00f3 a consumir pocos metros de pastizales, los mismos testigos ignoran la causa del fuego, o quien fue el responsable, pero que algunos empezaron a actuar para empezar a sofocar las llamaradas.<\/p>\n\n\n\n<p>Pese a que se unieron varios vecinos, el fuego no cesaba toda vez que por cuestiones climatol\u00f3gicas, es decir, las r\u00e1fagas empez\u00f3 a aumentar cada vez m\u00e1s, perjudicando el consumo de vegetales, pastizales entre otras plantas que habitan en la zona.<\/p>\n\n\n\n<p>Durante la noche del s\u00e1bado, las autoridades municipales de Chietla, informaron sobre la activaci\u00f3n de los protocolos para sofocar las llamaradas, pero ha sido en vano, porque es casi imposible sofocar varios metros a la redonda, por lo que han pedido la ayuda del gobierno del estado para mantener coordinada esta situaci\u00f3n.<\/p>\n\n\n\n<p>Cabe mencionar que desde la noche del pasado jueves, Protecci\u00f3n Civil del Estado inform\u00f3 que el incendio hab\u00eda sido controlado gracias a la solidaridad de voluntarios de las poblaciones de Buenavista de Ju\u00e1rez y San Nicol\u00e1s Tenexcalcos, trabajadores de la Secretar\u00eda del Medio Ambiente, y la Brigada del Plan DN-III-E del Ej\u00e9rcito Mexicano.<\/p>\n\n\n\n<p>Hasta el momento no han dado a conocer el n\u00famero exacto de las hect\u00e1reas consumidas por el fuego, pero s\u00ed se registraron afectaciones en la flora y fauna de la zona, por lo que exhortaron a los habitantes estar pendientes por si llegar\u00e1 a ocurrir algo similar denunciar al o a los presuntos responsables de estos actos.<\/p>\n","protected":false},"excerpt":{"rendered":"<p>Luego de permanecer m\u00e1s de cuatro d\u00edas en llamas, finalmente autoridades municipales y del estado de Puebla lograron sofocar las llamaradas del Cerro Grande, ubicado en los l\u00edmites de Chietla, enclavado en la Mixteca Poblana. Fue desde el pasado viernes 31 de marzo, que habitantes de las comunidades cercanas reportaron el incendio que empez\u00f3 a [&hellip;]<\/p>\n","protected":false},"author":4,"featured_media":24573,"comment_status":"open","ping_status":"open","sticky":false,"template":"","format":"standard","meta":{"om_disable_all_campaigns":false,"_monsterinsights_skip_tracking":false,"_monsterinsights_sitenote_active":false,"_monsterinsights_sitenote_note":"","_monsterinsights_sitenote_category":0,"footnotes":""},"categories":[175],"tags":[223],"class_list":["post-24572","post","type-post","status-publish","format-standard","has-post-thumbnail","hentry","category-local","tag-puebla"],"amp_enabled":true,"_links":{"self":[{"href":"https:\/\/lahora.mx\/index.php\/wp-json\/wp\/v2\/posts\/24572","targetHints":{"allow":["GET"]}}],"collection":[{"href":"https:\/\/lahora.mx\/index.php\/wp-json\/wp\/v2\/posts"}],"about":[{"href":"https:\/\/lahora.mx\/index.php\/wp-json\/wp\/v2\/types\/post"}],"author":[{"embeddable":true,"href":"https:\/\/lahora.mx\/index.php\/wp-json\/wp\/v2\/users\/4"}],"replies":[{"embeddable":true,"href":"https:\/\/lahora.mx\/index.php\/wp-json\/wp\/v2\/comments?post=24572"}],"version-history":[{"count":1,"href":"https:\/\/lahora.mx\/index.php\/wp-json\/wp\/v2\/posts\/24572\/revisions"}],"predecessor-version":[{"id":24574,"href":"https:\/\/lahora.mx\/index.php\/wp-json\/wp\/v2\/posts\/24572\/revisions\/24574"}],"wp:featuredmedia":[{"embeddable":true,"href":"https:\/\/lahora.mx\/index.php\/wp-json\/wp\/v2\/media\/24573"}],"wp:attachment":[{"href":"https:\/\/lahora.mx\/index.php\/wp-json\/wp\/v2\/media?parent=24572"}],"wp:term":[{"taxonomy":"category","embeddable":true,"href":"https:\/\/lahora.mx\/index.php\/wp-json\/wp\/v2\/categories?post=24572"},{"taxonomy":"post_tag","embeddable":true,"href":"https:\/\/lahora.mx\/index.php\/wp-json\/wp\/v2\/tags?post=24572"}],"curies":[{"name":"wp","href":"https:\/\/api.w.org\/{rel}","templated":true}]}}