{"id":24557,"date":"2023-04-07T16:24:36","date_gmt":"2023-04-07T16:24:36","guid":{"rendered":"http:\/\/lahora.mx\/?p=24557"},"modified":"2023-04-07T16:24:37","modified_gmt":"2023-04-07T16:24:37","slug":"procesion-de-viernes-santo-2023-en-puebla","status":"publish","type":"post","link":"https:\/\/lahora.mx\/index.php\/2023\/04\/07\/procesion-de-viernes-santo-2023-en-puebla\/","title":{"rendered":"Procesi\u00f3n de Viernes Santo 2023 en Puebla"},"content":{"rendered":"\n<p>La Procesi\u00f3n de Viernes Santo 2023 en Puebla es la m\u00e1s grande de Am\u00e9rica Latina y del mundo y se ha realizado desde 1992 para venerar a las im\u00e1genes religiosas que acompa\u00f1an a la feligres\u00eda a lo largo del trayecto que recorren.<\/p>\n\n\n\n<p>Tradici\u00f3n poblana para los adeptos a la religi\u00f3n cat\u00f3lica en Puebla, la Procesi\u00f3n de Viernes Santo contar\u00e1 con la participaci\u00f3n de siete im\u00e1genes religiosas a lo largo del trayecto que se llevar\u00e1 a cabo este 7 de abril.<\/p>\n\n\n\n<p>A continuaci\u00f3n, te decimos cu\u00e1les im\u00e1genes participan en la procesi\u00f3n del Viernes Santo en Puebla, as\u00ed como su importancia e historia que las acompa\u00f1a.<\/p>\n\n\n\n<p>Durante el recorrido las im\u00e1genes religiosas que saldr\u00e1n a las calles den Centro Hist\u00f3rico son: la Virgen de la Soledad, la Virgen de los Dolores, el Se\u00f1or de Las Maravillas, Jes\u00fas de Nazaret, Jes\u00fas de las Tres Ca\u00eddas, Jes\u00fas de la Misericordia y del Ni\u00f1o Doctor de Tepeaca.<\/p>\n\n\n\n<p><\/p>\n\n\n\n<p>La Virgen de la Soledad<br>La imagen es de factura sevillana de finales del siglo XVII. Desde su arribo despert\u00f3 gran devoci\u00f3n al grado de que dio origen a su magn\u00edfico templo y al convento anexo de religiosas Carmelitas descalzas.<\/p>\n\n\n\n<p>La Virgen de la Soledad se encuentra en el Templo de la Soledad, consagrado en 1749, dentro de una peque\u00f1a capilla en la capital poblana, donde se le rinde culto a la imagen de la virgen que fue tra\u00edda de Espa\u00f1a a Puebla en el a\u00f1o de 1704.<\/p>\n\n\n\n<p>Virgen de los Dolores<br>Una de las im\u00e1genes m\u00e1s veneradas durante Semana Santa y en la Procesi\u00f3n del Viernes Santo en Puebla es la de la Virgen de los Dolores, ya que representa el pasaje de aflicci\u00f3n por la pasi\u00f3n de Jes\u00fas.<\/p>\n\n\n\n<p>La Virgen Dolorosa del Carmen. Obra quiz\u00e1 del siglo XVIII (atribuida a Jos\u00e9 Villegas Cora) muestra la calidad de los imagineros poblanos de esa \u00e9poca, como las facciones y expresiones adecuadas. Se encuentra en la capilla de Santa Teresa del Templo del Carmen.<\/p>\n\n\n\n<p>El Se\u00f1or de las Maravillas<br>Es quiz\u00e1, la imagen m\u00e1s venerada de la ciudad. Las religiosas agustinas de Santa M\u00f3nica la ganaron en una rifa. Una novicia descubri\u00f3 que durante la noche, la imagen era azotada por dos soldados romanos que formaban parte del \u201cpaso\u201d. El suceso caus\u00f3 conmoci\u00f3n y dio lugar a la gran veneraci\u00f3n. Su nombre proviene de las maravillas que su devoci\u00f3n ha logrado<\/p>\n\n\n\n<p>Quienes profesan la religi\u00f3n cat\u00f3lica aseveran que el Se\u00f1or de las Maravillas es capaz de socorrer a las personas que necesitan apoyo para poder continuar con sus vidas, por lo que es una de las im\u00e1genes religiosas m\u00e1s importantes en Puebla.<\/p>\n\n\n\n<p>El Se\u00f1or de las Maravillas se encuentra dentro del Templo de Santa M\u00f3nica, por lo que si decides visitarlo debes llevar flores amarillas, pues son las elegidas por los creyentes para adornar su altar.<\/p>\n\n\n\n<p>El Santo Ni\u00f1o Doctor<br>Conocido como el santo de los enfermos, el Santo Ni\u00f1o Doctor se encuentran en una de las capillas de la Parroquia de San Francisco en Tepeaca y mide aproximadamente 12 cent\u00edmetros.<\/p>\n\n\n\n<p>Desde 1942 lleg\u00f3 para quedarse y desde entonces, los tepeaquenses y peregrinos de todo el orbe le rinde tributo a su imagen. Desde 1961 festejan los tepeaquenses en honor al Ni\u00f1o Doctor y al tepeaquense m\u00e1s conocido en el mundo.<\/p>\n\n\n\n<p>Jes\u00fas de Nazaret<br>Es una imagen de finales del siglo XVI. Su escultor Lorenzo Rodr\u00edguez fue aprehendido por la Inquisici\u00f3n, logrando que su imagen fuera al Templo de San Pedro, donde empez\u00f3 su veneraci\u00f3n. Las autoridades decidieron trasladarlo a la parroquia de San Jos\u00e9, donde dio lugar a la Cofrad\u00eda de Nazarenos, que es la m\u00e1s antigua de la ciudad.<\/p>\n\n\n\n<p>La devoci\u00f3n dio lugar a la construcci\u00f3n de una suntuosa capilla y a un culto que perdura hasta nuestros d\u00edas.<\/p>\n\n\n\n<p>El Se\u00f1or de las Tres Ca\u00eddas<\/p>\n\n\n\n<p>Se venera en el Templo de Analco y la leyenda afirma que cuando estaba siendo tallada, el escultor no permit\u00eda ninguna presencia, salvo un ciego. Cuando estaba concluida el ciego le pidi\u00f3 al maestro tocar el rostro de la imagen, recuperando la vista de inmediato. El milagro la hizo de una gran popularidad y devoci\u00f3n.<\/p>\n\n\n\n<p>Desde entonces, la parroquia Santo \u00c1ngel Custodio de Analco alberga en su interior la imagen del Se\u00f1or de las Tres Ca\u00eddas, la cual cumplir\u00e1 374 a\u00f1os en 2023 y es venerada por haberle devuelto la vista a un hombre ciego.<\/p>\n\n\n\n<p>Jes\u00fas de la Misericordia<br>Al anochecer del 22 de febrero de 1931, estando en su celda, santa Faustina vio a Jes\u00fas vestido con una t\u00fanica blanca.<\/p>\n\n\n\n<p>\u201cTen\u00eda una mano levantada para bendecir y con la otra tocaba la t\u00fanica sobre el pecho. De la abertura de la t\u00fanica en el pecho, sal\u00edan dos grandes rayos: uno rojo y otro p\u00e1lido. Jes\u00fas me dijo: Pinta una imagen seg\u00fan el modelo que ves, y firma: Jes\u00fas, en Ti conf\u00edo. Deseo que esta imagen sea venerada\u2026 en el mundo entero\u2026 Prometo que el alma que venere esta imagen no perecer\u00e1. Tambi\u00e9n prometo, ya aqu\u00ed en la tierra, la victoria\u2026 y, sobre todo, a la hora de la muerte\u2026 A trav\u00e9s de esta imagen conceder\u00e9 muchas gracias\u201d<\/p>\n\n\n\n<p>La imagen de la Divina Misericordia con la firma \u201cJes\u00fas, en Ti conf\u00edo\u201d nos recuerda el amor misericordioso del Padre que se manifiesta plenamente en Jesucristo, quien, mostr\u00e1ndonos las heridas de los clavos en sus pies y en sus manos, prueba de su amor infinito e incondicional por nosotros, nos demuestra que podemos confiar en \u00c9l.<\/p>\n\n\n\n<p>Al interior del Templo de la Compa\u00f1\u00eda se encuentra la imagen de Jes\u00fas de la Misericordia, la cual fue llevada a la procesi\u00f3n de Viernes Santo por primera vez en el a\u00f1o 2022.<\/p>\n\n\n\n<p>Ante la llegada del evento religioso m\u00e1s grande Am\u00e9rica Latina, la procesi\u00f3n de Viernes Santo 2023 en Puebla tendr\u00e1 a las im\u00e1genes religiosas m\u00e1s veneradas en la entidad poblana.<\/p>\n","protected":false},"excerpt":{"rendered":"<p>La Procesi\u00f3n de Viernes Santo 2023 en Puebla es la m\u00e1s grande de Am\u00e9rica Latina y del mundo y se ha realizado desde 1992 para venerar a las im\u00e1genes religiosas que acompa\u00f1an a la feligres\u00eda a lo largo del trayecto que recorren. Tradici\u00f3n poblana para los adeptos a la religi\u00f3n cat\u00f3lica en Puebla, la Procesi\u00f3n [&hellip;]<\/p>\n","protected":false},"author":4,"featured_media":24558,"comment_status":"open","ping_status":"open","sticky":false,"template":"","format":"standard","meta":{"om_disable_all_campaigns":false,"_monsterinsights_skip_tracking":false,"_monsterinsights_sitenote_active":false,"_monsterinsights_sitenote_note":"","_monsterinsights_sitenote_category":0,"footnotes":""},"categories":[175],"tags":[195,223],"class_list":["post-24557","post","type-post","status-publish","format-standard","has-post-thumbnail","hentry","category-local","tag-principal","tag-puebla"],"amp_enabled":true,"_links":{"self":[{"href":"https:\/\/lahora.mx\/index.php\/wp-json\/wp\/v2\/posts\/24557","targetHints":{"allow":["GET"]}}],"collection":[{"href":"https:\/\/lahora.mx\/index.php\/wp-json\/wp\/v2\/posts"}],"about":[{"href":"https:\/\/lahora.mx\/index.php\/wp-json\/wp\/v2\/types\/post"}],"author":[{"embeddable":true,"href":"https:\/\/lahora.mx\/index.php\/wp-json\/wp\/v2\/users\/4"}],"replies":[{"embeddable":true,"href":"https:\/\/lahora.mx\/index.php\/wp-json\/wp\/v2\/comments?post=24557"}],"version-history":[{"count":1,"href":"https:\/\/lahora.mx\/index.php\/wp-json\/wp\/v2\/posts\/24557\/revisions"}],"predecessor-version":[{"id":24559,"href":"https:\/\/lahora.mx\/index.php\/wp-json\/wp\/v2\/posts\/24557\/revisions\/24559"}],"wp:featuredmedia":[{"embeddable":true,"href":"https:\/\/lahora.mx\/index.php\/wp-json\/wp\/v2\/media\/24558"}],"wp:attachment":[{"href":"https:\/\/lahora.mx\/index.php\/wp-json\/wp\/v2\/media?parent=24557"}],"wp:term":[{"taxonomy":"category","embeddable":true,"href":"https:\/\/lahora.mx\/index.php\/wp-json\/wp\/v2\/categories?post=24557"},{"taxonomy":"post_tag","embeddable":true,"href":"https:\/\/lahora.mx\/index.php\/wp-json\/wp\/v2\/tags?post=24557"}],"curies":[{"name":"wp","href":"https:\/\/api.w.org\/{rel}","templated":true}]}}