{"id":24551,"date":"2023-04-06T22:40:24","date_gmt":"2023-04-06T22:40:24","guid":{"rendered":"http:\/\/lahora.mx\/?p=24551"},"modified":"2023-04-06T22:40:25","modified_gmt":"2023-04-06T22:40:25","slug":"en-morena-el-cuidado-del-medio-ambiente-es-un-compromiso-con-el-pueblo-armenta","status":"publish","type":"post","link":"https:\/\/lahora.mx\/index.php\/2023\/04\/06\/en-morena-el-cuidado-del-medio-ambiente-es-un-compromiso-con-el-pueblo-armenta\/","title":{"rendered":"En Morena, el cuidado del medio ambiente es un compromiso con el pueblo: Armenta"},"content":{"rendered":"\n<p>Santa Clara Ocoyucan, Puebla. Al destacar que M\u00e9xico implement\u00f3, con el presidente Andr\u00e9s Manuel L\u00f3pez Obrador, el programa de reforestaci\u00f3n m\u00e1s importante a nivel mundial, el senador de Morena Alejandro Armenta resalt\u00f3 que en Puebla desde hace 27 a\u00f1os se contribuye al cuidado del medio ambiente a trav\u00e9s de la jornada \u201cSembremos Esperanza\u201d.<\/p>\n\n\n\n<p>Esta campa\u00f1a, con la cual el senador poblano ha recorrido el estado, tiene la finalidad de que las y los poblanos adopten un \u00e1rbol que deben cuidar y regar para contrarrestar los efectos de la deforestaci\u00f3n remarc\u00f3 Alejandro Armenta en la jornada que llevo a cabo en el municipio de Santa Clara Ocoyucan donde sum\u00f3 a m\u00e1s de 3 mil personas como guardianes del planeta a un ej\u00e9rcito de m\u00e1s de 30 mil voluntarias y voluntarios en el \u00faltimo a\u00f1o.<\/p>\n\n\n\n<p>El senador Armenta refiri\u00f3 que esta jornada es un esfuerzo ciudadano, muy similar al del presidente L\u00f3pez Obrador con el programa \u201cSembrando Vida\u201d con el cual se cultivan \u00e1rboles frutales y maderables; \u201cen Puebla nosotros vamos entregando manzanos, limones, higos y nogales que una vez sembrados sirven para el autoconsumo en los hogares\u201d.<\/p>\n\n\n\n<p>Por amor a Puebla, el senador Armenta reiter\u00f3 que continuar\u00e1 con esta labor ambientalista porque significa una acci\u00f3n para generar un mejor entorno social en medio del cambio clim\u00e1tico y la contaminaci\u00f3n que enfrentamos como sociedad.<\/p>\n","protected":false},"excerpt":{"rendered":"<p>Santa Clara Ocoyucan, Puebla. Al destacar que M\u00e9xico implement\u00f3, con el presidente Andr\u00e9s Manuel L\u00f3pez Obrador, el programa de reforestaci\u00f3n m\u00e1s importante a nivel mundial, el senador de Morena Alejandro Armenta resalt\u00f3 que en Puebla desde hace 27 a\u00f1os se contribuye al cuidado del medio ambiente a trav\u00e9s de la jornada \u201cSembremos Esperanza\u201d. Esta campa\u00f1a, [&hellip;]<\/p>\n","protected":false},"author":4,"featured_media":24552,"comment_status":"open","ping_status":"open","sticky":false,"template":"","format":"standard","meta":{"om_disable_all_campaigns":false,"_monsterinsights_skip_tracking":false,"_monsterinsights_sitenote_active":false,"_monsterinsights_sitenote_note":"","_monsterinsights_sitenote_category":0,"footnotes":""},"categories":[175],"tags":[223],"class_list":["post-24551","post","type-post","status-publish","format-standard","has-post-thumbnail","hentry","category-local","tag-puebla"],"amp_enabled":true,"_links":{"self":[{"href":"https:\/\/lahora.mx\/index.php\/wp-json\/wp\/v2\/posts\/24551","targetHints":{"allow":["GET"]}}],"collection":[{"href":"https:\/\/lahora.mx\/index.php\/wp-json\/wp\/v2\/posts"}],"about":[{"href":"https:\/\/lahora.mx\/index.php\/wp-json\/wp\/v2\/types\/post"}],"author":[{"embeddable":true,"href":"https:\/\/lahora.mx\/index.php\/wp-json\/wp\/v2\/users\/4"}],"replies":[{"embeddable":true,"href":"https:\/\/lahora.mx\/index.php\/wp-json\/wp\/v2\/comments?post=24551"}],"version-history":[{"count":1,"href":"https:\/\/lahora.mx\/index.php\/wp-json\/wp\/v2\/posts\/24551\/revisions"}],"predecessor-version":[{"id":24553,"href":"https:\/\/lahora.mx\/index.php\/wp-json\/wp\/v2\/posts\/24551\/revisions\/24553"}],"wp:featuredmedia":[{"embeddable":true,"href":"https:\/\/lahora.mx\/index.php\/wp-json\/wp\/v2\/media\/24552"}],"wp:attachment":[{"href":"https:\/\/lahora.mx\/index.php\/wp-json\/wp\/v2\/media?parent=24551"}],"wp:term":[{"taxonomy":"category","embeddable":true,"href":"https:\/\/lahora.mx\/index.php\/wp-json\/wp\/v2\/categories?post=24551"},{"taxonomy":"post_tag","embeddable":true,"href":"https:\/\/lahora.mx\/index.php\/wp-json\/wp\/v2\/tags?post=24551"}],"curies":[{"name":"wp","href":"https:\/\/api.w.org\/{rel}","templated":true}]}}