{"id":24539,"date":"2023-04-06T22:26:39","date_gmt":"2023-04-06T22:26:39","guid":{"rendered":"http:\/\/lahora.mx\/?p=24539"},"modified":"2023-04-06T22:26:39","modified_gmt":"2023-04-06T22:26:39","slug":"tormenta-de-hielo-en-canada-deja-sin-luz-a-mas-de-un-millon-de-personas","status":"publish","type":"post","link":"https:\/\/lahora.mx\/index.php\/2023\/04\/06\/tormenta-de-hielo-en-canada-deja-sin-luz-a-mas-de-un-millon-de-personas\/","title":{"rendered":"Tormenta de hielo en Canad\u00e1 deja sin luz a m\u00e1s de un mill\u00f3n de personas"},"content":{"rendered":"\n<p>M\u00e1s de un mill\u00f3n de personas se quedaron sin electricidad el jueves despu\u00e9s de que una tormenta de hielo azotara las dos provincias m\u00e1s pobladas de Canad\u00e1 antes de un fin de semana festivo, provocando lluvias heladas y fuertes vientos que derribaron \u00e1rboles y sobrecargaron las l\u00edneas el\u00e9ctricas.<\/p>\n\n\n\n<p>M\u00e1s de un mill\u00f3n de personas no ten\u00edan electricidad en Quebec y unas 120 mil en Ontario al mediod\u00eda (tiempo local), seg\u00fan Poweroutage.com. Las dos provincias representan m\u00e1s de la mitad de la poblaci\u00f3n total de Canad\u00e1 de unos 39 millones. Los proveedores de electricidad en ambas provincias estaban trabajando para restaurar la energ\u00eda, pero se esperaba que las reparaciones continuaran durante d\u00edas, lo que significa que muchos canadienses podr\u00edan pasar el fin de semana de Pascua en la oscuridad.<\/p>\n\n\n\n<p>El primer ministro Justin Trudeau, que legalmente fue elegido para el parlamento en una circunscripci\u00f3n de Montreal, se ofreci\u00f3 a brindar asistencia federal si fuera necesario.<\/p>\n\n\n\n<p>\u00abEs un momento muy dif\u00edcil\u2026 el corte de energ\u00eda para tanta gente, los \u00e1rboles cayendo, lastimando edificios y autos y dem\u00e1s, es por supuesto una preocupaci\u00f3n constante\u00bb, dijo Trudeau a los periodistas en una calle de su distrito mientras las cuadrillas limpiaban. a un \u00e1rbol ca\u00eddo detr\u00e1s de \u00e9l.<\/p>\n\n\n\n<p>Montreal se encuentra entre las \u00e1reas m\u00e1s afectadas de Quebec y representa aproximadamente la mitad de los cortes totales en la provincia mayoritariamente franc\u00f3fona.<\/p>\n\n\n\n<p>\u00abVer todos estos hermosos \u00e1rboles ca\u00eddos, ver vidas interrumpidas, ver desaf\u00edos similares\u2026 (ser\u00e1) un fin de semana de Pascua dif\u00edcil para varias familias\u00bb, dijo Trudeau.<\/p>\n\n\n\n<p>Hab\u00eda mil 100 trabajadores tratando de restaurar la energ\u00eda durante la noche y el jueves por la ma\u00f1ana en Quebec, dijo el proveedor de electricidad de la provincia, advirtiendo que a\u00fan podr\u00edan ocurrir m\u00e1s cortes. Hydro-Quebec esperaba restaurar la energ\u00eda para aproximadamente el 70% de los clientes para el viernes a la medianoche, dijo un ejecutivo de la empresa de servicios p\u00fablicos en una sesi\u00f3n informativa televisada.<\/p>\n\n\n\n<p>\u00abDesafortunadamente, es el comienzo de un largo fin de semana y ciertas \u00e1reas son m\u00e1s complejas que no podremos volver a conectar de inmediato\u00bb, dijo Regis Tellier, vicepresidente de operaciones y mantenimiento de Hydro-Quebec.<\/p>\n\n\n\n<p>En la ciudad de Ottawa, se esperaba que las cuadrillas restablecieran la energ\u00eda para una gran parte de los 65.000 clientes afectados para el mediod\u00eda, dijo el alcalde Mark Sutcliffe. Algunas \u00e1reas en la capital nacional \u00absiguen siendo peligrosas debido a los escombros ca\u00eddos y los cortes de energ\u00eda que afectan las se\u00f1ales de tr\u00e1fico\u00bb, dijo.<\/p>\n","protected":false},"excerpt":{"rendered":"<p>M\u00e1s de un mill\u00f3n de personas se quedaron sin electricidad el jueves despu\u00e9s de que una tormenta de hielo azotara las dos provincias m\u00e1s pobladas de Canad\u00e1 antes de un fin de semana festivo, provocando lluvias heladas y fuertes vientos que derribaron \u00e1rboles y sobrecargaron las l\u00edneas el\u00e9ctricas. M\u00e1s de un mill\u00f3n de personas no [&hellip;]<\/p>\n","protected":false},"author":4,"featured_media":24540,"comment_status":"open","ping_status":"open","sticky":false,"template":"","format":"standard","meta":{"om_disable_all_campaigns":false,"_monsterinsights_skip_tracking":false,"_monsterinsights_sitenote_active":false,"_monsterinsights_sitenote_note":"","_monsterinsights_sitenote_category":0,"footnotes":""},"categories":[183],"tags":[195],"class_list":["post-24539","post","type-post","status-publish","format-standard","has-post-thumbnail","hentry","category-internacional","tag-principal"],"amp_enabled":true,"_links":{"self":[{"href":"https:\/\/lahora.mx\/index.php\/wp-json\/wp\/v2\/posts\/24539","targetHints":{"allow":["GET"]}}],"collection":[{"href":"https:\/\/lahora.mx\/index.php\/wp-json\/wp\/v2\/posts"}],"about":[{"href":"https:\/\/lahora.mx\/index.php\/wp-json\/wp\/v2\/types\/post"}],"author":[{"embeddable":true,"href":"https:\/\/lahora.mx\/index.php\/wp-json\/wp\/v2\/users\/4"}],"replies":[{"embeddable":true,"href":"https:\/\/lahora.mx\/index.php\/wp-json\/wp\/v2\/comments?post=24539"}],"version-history":[{"count":1,"href":"https:\/\/lahora.mx\/index.php\/wp-json\/wp\/v2\/posts\/24539\/revisions"}],"predecessor-version":[{"id":24541,"href":"https:\/\/lahora.mx\/index.php\/wp-json\/wp\/v2\/posts\/24539\/revisions\/24541"}],"wp:featuredmedia":[{"embeddable":true,"href":"https:\/\/lahora.mx\/index.php\/wp-json\/wp\/v2\/media\/24540"}],"wp:attachment":[{"href":"https:\/\/lahora.mx\/index.php\/wp-json\/wp\/v2\/media?parent=24539"}],"wp:term":[{"taxonomy":"category","embeddable":true,"href":"https:\/\/lahora.mx\/index.php\/wp-json\/wp\/v2\/categories?post=24539"},{"taxonomy":"post_tag","embeddable":true,"href":"https:\/\/lahora.mx\/index.php\/wp-json\/wp\/v2\/tags?post=24539"}],"curies":[{"name":"wp","href":"https:\/\/api.w.org\/{rel}","templated":true}]}}