{"id":24530,"date":"2023-04-06T22:11:17","date_gmt":"2023-04-06T22:11:17","guid":{"rendered":"http:\/\/lahora.mx\/?p=24530"},"modified":"2023-04-06T22:11:18","modified_gmt":"2023-04-06T22:11:18","slug":"ine-formaliza-el-nombramiento-de-edgar-arias-como-nuevo-vocal-ejecutivo-en-puebla","status":"publish","type":"post","link":"https:\/\/lahora.mx\/index.php\/2023\/04\/06\/ine-formaliza-el-nombramiento-de-edgar-arias-como-nuevo-vocal-ejecutivo-en-puebla\/","title":{"rendered":"INE formaliza el nombramiento de Edgar Arias como nuevo Vocal Ejecutivo en Puebla"},"content":{"rendered":"\n<p class=\"wp-block-paragraph\">Este d\u00eda, el INE formaliz\u00f3 el nombramiento de Edgar Humberto Arias Alba como nuevo Vocal Ejecutivo del \u00f3rgano electoral en Puebla, qui\u00e9n rindi\u00f3 protesta el pasado 1 de abril.<\/p>\n\n\n\n<p class=\"wp-block-paragraph\">A trav\u00e9s de sus redes sociales, el Instituto Nacional Electoral en Puebla dio a conocer la oficializaci\u00f3n del nombramiento de Arias Alba.<\/p>\n\n\n\n<p class=\"wp-block-paragraph\">\u201cEste d\u00eda se formaliz\u00f3 la llegada del Lic. Edgar Humberto Arias Alba a la Delegaci\u00f3n del INE en Puebla, tras rendir protesta como Vocal Ejecutivo, cargo al que fue designado a partir del pasado 1 de abril, para dar cumplimiento a las metas y objetivos institucionales\u201d se lee en la publicaci\u00f3n.<\/p>\n\n\n\n<p class=\"wp-block-paragraph\">El principal reto que tendr\u00e1 el nuevo presidente del \u00f3rgano electoral ser\u00e1 planificar las elecciones en 2024, donde Puebla renovar\u00e1 el Gobierno Estatal, as\u00ed como diferentes alcald\u00edas, incluida la de la capital, y la legislatura en el Congreso.<\/p>\n","protected":false},"excerpt":{"rendered":"<p>Este d\u00eda, el INE formaliz\u00f3 el nombramiento de Edgar Humberto Arias Alba como nuevo Vocal Ejecutivo del \u00f3rgano electoral en Puebla, qui\u00e9n rindi\u00f3 protesta el pasado 1 de abril. A trav\u00e9s de sus redes sociales, el Instituto Nacional Electoral en Puebla dio a conocer la oficializaci\u00f3n del nombramiento de Arias Alba. \u201cEste d\u00eda se formaliz\u00f3 [&hellip;]<\/p>\n","protected":false},"author":4,"featured_media":24531,"comment_status":"open","ping_status":"open","sticky":false,"template":"","format":"standard","meta":{"om_disable_all_campaigns":false,"_monsterinsights_skip_tracking":false,"footnotes":""},"categories":[176],"tags":[223],"class_list":["post-24530","post","type-post","status-publish","format-standard","has-post-thumbnail","hentry","category-nacional","tag-puebla"],"amp_enabled":true,"_links":{"self":[{"href":"https:\/\/lahora.mx\/index.php\/wp-json\/wp\/v2\/posts\/24530","targetHints":{"allow":["GET"]}}],"collection":[{"href":"https:\/\/lahora.mx\/index.php\/wp-json\/wp\/v2\/posts"}],"about":[{"href":"https:\/\/lahora.mx\/index.php\/wp-json\/wp\/v2\/types\/post"}],"author":[{"embeddable":true,"href":"https:\/\/lahora.mx\/index.php\/wp-json\/wp\/v2\/users\/4"}],"replies":[{"embeddable":true,"href":"https:\/\/lahora.mx\/index.php\/wp-json\/wp\/v2\/comments?post=24530"}],"version-history":[{"count":1,"href":"https:\/\/lahora.mx\/index.php\/wp-json\/wp\/v2\/posts\/24530\/revisions"}],"predecessor-version":[{"id":24532,"href":"https:\/\/lahora.mx\/index.php\/wp-json\/wp\/v2\/posts\/24530\/revisions\/24532"}],"wp:featuredmedia":[{"embeddable":true,"href":"https:\/\/lahora.mx\/index.php\/wp-json\/wp\/v2\/media\/24531"}],"wp:attachment":[{"href":"https:\/\/lahora.mx\/index.php\/wp-json\/wp\/v2\/media?parent=24530"}],"wp:term":[{"taxonomy":"category","embeddable":true,"href":"https:\/\/lahora.mx\/index.php\/wp-json\/wp\/v2\/categories?post=24530"},{"taxonomy":"post_tag","embeddable":true,"href":"https:\/\/lahora.mx\/index.php\/wp-json\/wp\/v2\/tags?post=24530"}],"curies":[{"name":"wp","href":"https:\/\/api.w.org\/{rel}","templated":true}]}}