{"id":24527,"date":"2023-04-06T22:08:59","date_gmt":"2023-04-06T22:08:59","guid":{"rendered":"http:\/\/lahora.mx\/?p=24527"},"modified":"2023-04-06T22:08:59","modified_gmt":"2023-04-06T22:08:59","slug":"arzobispo-oficia-ceremonia-de-lavatorio-de-pies","status":"publish","type":"post","link":"https:\/\/lahora.mx\/index.php\/2023\/04\/06\/arzobispo-oficia-ceremonia-de-lavatorio-de-pies\/","title":{"rendered":"Arzobispo oficia ceremonia de lavatorio de pies"},"content":{"rendered":"\n<p>Despu\u00e9s de dos a\u00f1os de suspensi\u00f3n por la pandemia del coronavirus, el arzobispo de Puebla, V\u00edctor S\u00e1nchez Espinosa, retom\u00f3 este jueves de Semana Santa la ceremonia de lavatorio de pies, acci\u00f3n que Jes\u00fas practic\u00f3 a sus ap\u00f3stoles.<\/p>\n\n\n\n<p>S\u00e1nchez Espinosa lav\u00f3 los pies a 12 adultos mayores del asilo de Caridad Santa In\u00e9s, en donde pidi\u00f3 a los feligreses ser \u201chumildes\u201d y \u201cfraternos\u201d no solo este periodo de Semana Santa, sino todo el a\u00f1o.<br>Ante cientos de fieles que se dieron cita en la Catedral Metropolitana, el arzobispo lav\u00f3 los pies de cada uno de los doce ancianos, atendido por las Siervas del Sagrado Coraz\u00f3n de Jes\u00fas y de los Pobres, que representaron a los 12 ap\u00f3stoles de Jes\u00fas.<\/p>\n\n\n\n<p>\u201cHoy recordamos ese gesto de Jes\u00fas, de humildad, de sencillez de lavarle los pies a sus disc\u00edpulos. Los ap\u00f3stoles no le entend\u00edan. Pedro dec\u00eda que jam\u00e1s se dejar\u00eda lavarlos pies, pero Jes\u00fas, en un signo de humildad, lava los pies a sus disc\u00edpulos y da ejemplo de que debemos ser humildes con nuestros hermanos, de que nosotros debemos ser humildes y estar cercano a nuestros hermanos, sobre todo, los m\u00e1s necesitados\u201d, expres\u00f3.<br>Durante la homil\u00eda, el l\u00edder de la religi\u00f3n cat\u00f3lica se\u00f1al\u00f3 que, con el lavatorio de pies, se recuerda el gesto de amor y caridad que tuvo Jes\u00fas con sus disc\u00edpulos y as\u00ed darles un ejemplo de fraternidad.<\/p>\n\n\n\n<p>Mencion\u00f3 que las personas deben replicar dichas acciones, pues se tiene que ser humilde con el pr\u00f3jimo, y brindarles apoyo a las personas m\u00e1s necesitadas, ante las situaciones dif\u00edciles que se est\u00e1 viviendo en la entidad poblana y el pa\u00eds.<\/p>\n\n\n\n<p>\u00ab\u00a1Cu\u00e1nta violencia!, \u00a1cu\u00e1ntos feminicidios!, \u00a1cu\u00e1ntos cr\u00edmenes!, ante esta situaci\u00f3n necesitamos como creyentes buscar, sobre todo en nuestras familias, la convivencia, la fraternidad y la caridad, los lazos de unidad y de fraternidad\u00bb, expres\u00f3.<\/p>\n\n\n\n<p>Luego de que el arzobispo de Puebla, V\u00edctor S\u00e1nchez Espinosa, ofici\u00f3 la ceremonia de lavatorio de pies en el marco de Semana Santa, dijo que durante toda la Cuaresma se prepararon para que estos d\u00edas celebren los principales misterios de la vida de Jes\u00fas sobre su pasi\u00f3n, muerte, cruz, calvario, sufrimiento, pero tambi\u00e9n su resurrecci\u00f3n gloriosa.<\/p>\n","protected":false},"excerpt":{"rendered":"<p>Despu\u00e9s de dos a\u00f1os de suspensi\u00f3n por la pandemia del coronavirus, el arzobispo de Puebla, V\u00edctor S\u00e1nchez Espinosa, retom\u00f3 este jueves de Semana Santa la ceremonia de lavatorio de pies, acci\u00f3n que Jes\u00fas practic\u00f3 a sus ap\u00f3stoles. S\u00e1nchez Espinosa lav\u00f3 los pies a 12 adultos mayores del asilo de Caridad Santa In\u00e9s, en donde pidi\u00f3 [&hellip;]<\/p>\n","protected":false},"author":4,"featured_media":24528,"comment_status":"open","ping_status":"open","sticky":false,"template":"","format":"standard","meta":{"om_disable_all_campaigns":false,"_monsterinsights_skip_tracking":false,"_monsterinsights_sitenote_active":false,"_monsterinsights_sitenote_note":"","_monsterinsights_sitenote_category":0,"footnotes":""},"categories":[175],"tags":[223],"class_list":["post-24527","post","type-post","status-publish","format-standard","has-post-thumbnail","hentry","category-local","tag-puebla"],"amp_enabled":true,"_links":{"self":[{"href":"https:\/\/lahora.mx\/index.php\/wp-json\/wp\/v2\/posts\/24527","targetHints":{"allow":["GET"]}}],"collection":[{"href":"https:\/\/lahora.mx\/index.php\/wp-json\/wp\/v2\/posts"}],"about":[{"href":"https:\/\/lahora.mx\/index.php\/wp-json\/wp\/v2\/types\/post"}],"author":[{"embeddable":true,"href":"https:\/\/lahora.mx\/index.php\/wp-json\/wp\/v2\/users\/4"}],"replies":[{"embeddable":true,"href":"https:\/\/lahora.mx\/index.php\/wp-json\/wp\/v2\/comments?post=24527"}],"version-history":[{"count":1,"href":"https:\/\/lahora.mx\/index.php\/wp-json\/wp\/v2\/posts\/24527\/revisions"}],"predecessor-version":[{"id":24529,"href":"https:\/\/lahora.mx\/index.php\/wp-json\/wp\/v2\/posts\/24527\/revisions\/24529"}],"wp:featuredmedia":[{"embeddable":true,"href":"https:\/\/lahora.mx\/index.php\/wp-json\/wp\/v2\/media\/24528"}],"wp:attachment":[{"href":"https:\/\/lahora.mx\/index.php\/wp-json\/wp\/v2\/media?parent=24527"}],"wp:term":[{"taxonomy":"category","embeddable":true,"href":"https:\/\/lahora.mx\/index.php\/wp-json\/wp\/v2\/categories?post=24527"},{"taxonomy":"post_tag","embeddable":true,"href":"https:\/\/lahora.mx\/index.php\/wp-json\/wp\/v2\/tags?post=24527"}],"curies":[{"name":"wp","href":"https:\/\/api.w.org\/{rel}","templated":true}]}}