{"id":24509,"date":"2023-04-06T15:52:58","date_gmt":"2023-04-06T15:52:58","guid":{"rendered":"http:\/\/lahora.mx\/?p=24509"},"modified":"2023-04-06T15:52:59","modified_gmt":"2023-04-06T15:52:59","slug":"murcielago-con-rabia-en-sierra-norte-de-puebla","status":"publish","type":"post","link":"https:\/\/lahora.mx\/index.php\/2023\/04\/06\/murcielago-con-rabia-en-sierra-norte-de-puebla\/","title":{"rendered":"Murci\u00e9lago con rabia en Sierra Norte de Puebla"},"content":{"rendered":"\n<p>Un ejemplar de murci\u00e9lago con rabia fue atrapado en la Sierra Norte de Puebla, como explic\u00f3 hoy mi\u00e9rcoles en conferencia de prensa Jos\u00e9 Antonio Mart\u00ednez Garc\u00eda, secretario de Salud en la entidad.<\/p>\n\n\n\n<p>El animal, explic\u00f3 Antonio Mart\u00ednez Garc\u00eda, dio positivo al virus conocido como rabia, lo que llev\u00f3 a instalar un cerco sanitario en la zona con el fin de identificar si este animal pudo haber tenido contacto con personas u otros animales.<\/p>\n\n\n\n<p>El secretario de Salud indic\u00f3 que no cuentan con evidencia que pueda apuntar a que el murci\u00e9lago pudiera haber mordido a otro animal, aunque destac\u00f3 que estos casos de derriengue (cuando un animal silvestre infecta a otros animales) s\u00ed existen entre animales silvestres.<br>Debido al caso del animal positivo al virus, la dependencia de salud indic\u00f3 que establecieron un cerco sanitario en toda la Jurisdicci\u00f3n Sanitaria n\u00famero 2 que tiene su cabecera en el municipio de Chignahuapan.<\/p>\n\n\n\n<p>El cerco sanitario se estableci\u00f3 para identificar si hubo personas o ganado que pudieran haber sido mordidos. Cabe tomar en cuenta que la jurisdicci\u00f3n comprende a un total de 14 municipios que enlistamos a continuaci\u00f3n:<\/p>\n\n\n\n<p>Ahuacatl\u00e1n<br>Amixtl\u00e1n<br>Aquixtla<br>Chignahuapan<br>Camocuautla<br>Coatepec<br>Cuautempan<br>Hermenegildo Galeana<br>Ixtacamaxtitl\u00e1n<br>San Felipe Tepatl\u00e1n<br>Tepango de Rodr\u00edguez<br>Tepetzintla<br>Tetela de Ocampo<br>Zacatl\u00e1n<\/p>\n\n\n\n<p>Habr\u00e1 campa\u00f1a de vacunaci\u00f3n antirr\u00e1bica en Puebla<\/p>\n\n\n\n<p>De acuerdo con Mart\u00ednez Garc\u00eda, Puebla suma ya 23 a\u00f1os sin casos de rabia en humanos, por lo que convoc\u00f3 a participar en la campa\u00f1a intensiva de vacunaci\u00f3n antirr\u00e1bica que se desarrollar\u00e1 del 5 al 22 de abril.<\/p>\n\n\n\n<p>En su intervenci\u00f3n, el gobernador de Puebla, Sergio Salom\u00f3n C\u00e9spedes Peregrina, llam\u00f3 a la poblaci\u00f3n para cuidar a los animales aplic\u00e1ndoles la vacuna respectiva, pues indic\u00f3 que los 23 a\u00f1os que Puebla lleva sin rabia en humanos se pueden extender al doble.<\/p>\n","protected":false},"excerpt":{"rendered":"<p>Un ejemplar de murci\u00e9lago con rabia fue atrapado en la Sierra Norte de Puebla, como explic\u00f3 hoy mi\u00e9rcoles en conferencia de prensa Jos\u00e9 Antonio Mart\u00ednez Garc\u00eda, secretario de Salud en la entidad. El animal, explic\u00f3 Antonio Mart\u00ednez Garc\u00eda, dio positivo al virus conocido como rabia, lo que llev\u00f3 a instalar un cerco sanitario en la [&hellip;]<\/p>\n","protected":false},"author":4,"featured_media":24510,"comment_status":"open","ping_status":"open","sticky":false,"template":"","format":"standard","meta":{"om_disable_all_campaigns":false,"_monsterinsights_skip_tracking":false,"_monsterinsights_sitenote_active":false,"_monsterinsights_sitenote_note":"","_monsterinsights_sitenote_category":0,"footnotes":""},"categories":[175],"tags":[223],"class_list":["post-24509","post","type-post","status-publish","format-standard","has-post-thumbnail","hentry","category-local","tag-puebla"],"amp_enabled":true,"_links":{"self":[{"href":"https:\/\/lahora.mx\/index.php\/wp-json\/wp\/v2\/posts\/24509","targetHints":{"allow":["GET"]}}],"collection":[{"href":"https:\/\/lahora.mx\/index.php\/wp-json\/wp\/v2\/posts"}],"about":[{"href":"https:\/\/lahora.mx\/index.php\/wp-json\/wp\/v2\/types\/post"}],"author":[{"embeddable":true,"href":"https:\/\/lahora.mx\/index.php\/wp-json\/wp\/v2\/users\/4"}],"replies":[{"embeddable":true,"href":"https:\/\/lahora.mx\/index.php\/wp-json\/wp\/v2\/comments?post=24509"}],"version-history":[{"count":1,"href":"https:\/\/lahora.mx\/index.php\/wp-json\/wp\/v2\/posts\/24509\/revisions"}],"predecessor-version":[{"id":24511,"href":"https:\/\/lahora.mx\/index.php\/wp-json\/wp\/v2\/posts\/24509\/revisions\/24511"}],"wp:featuredmedia":[{"embeddable":true,"href":"https:\/\/lahora.mx\/index.php\/wp-json\/wp\/v2\/media\/24510"}],"wp:attachment":[{"href":"https:\/\/lahora.mx\/index.php\/wp-json\/wp\/v2\/media?parent=24509"}],"wp:term":[{"taxonomy":"category","embeddable":true,"href":"https:\/\/lahora.mx\/index.php\/wp-json\/wp\/v2\/categories?post=24509"},{"taxonomy":"post_tag","embeddable":true,"href":"https:\/\/lahora.mx\/index.php\/wp-json\/wp\/v2\/tags?post=24509"}],"curies":[{"name":"wp","href":"https:\/\/api.w.org\/{rel}","templated":true}]}}