{"id":24503,"date":"2023-04-06T01:05:47","date_gmt":"2023-04-06T01:05:47","guid":{"rendered":"http:\/\/lahora.mx\/?p=24503"},"modified":"2023-04-06T01:05:48","modified_gmt":"2023-04-06T01:05:48","slug":"acto-patriotico-y-nacionalista-del-presidente-amlo-la-adquisicion-de-plantas-generadoras-de-energia-armenta","status":"publish","type":"post","link":"https:\/\/lahora.mx\/index.php\/2023\/04\/06\/acto-patriotico-y-nacionalista-del-presidente-amlo-la-adquisicion-de-plantas-generadoras-de-energia-armenta\/","title":{"rendered":"Acto patri\u00f3tico y nacionalista del presidente AMLO, la adquisici\u00f3n de plantas generadoras de energ\u00eda: Armenta"},"content":{"rendered":"\n<p>Al menos 23 personas, originarias de Guanajuato est\u00e1n desaparecidas, presuntamente se trata de un secuestro. Las v\u00edctimas, que partieron del municipio de San Felipe el pasado lunes 3 de abril, con destino a Saltillo, Coahuila, iban a bordo de 2 camionetas de las cuales una fue localizada vac\u00eda en el libramiento de Matehuala en el estado de San Luis Potos\u00ed.<\/p>\n\n\n\n<p>La empresa guanajuatense Grupo Eifel, que funciona como agencia de viajes y renta de camionetas, a la cual pertenec\u00edan los veh\u00edculos que transportaban a los viajeros de Guanajuato a Coahuila dio a conocer al medio Milenio que denunciaron estos hechos ante la Fiscal\u00eda del Estado.<\/p>\n\n\n\n<p>Las v\u00edctimas de lo que parece ser un secuestro salieron de la comunidad de La Quemada en dicho municipio el lunes por la noche y habr\u00edan sido secuestradas la madrugada del martes, d\u00eda en que fue localizada una de las camionetas, de acuerdo al medio citado.<br>Cae banda de secuestradores en Guanajuato<br>Presuntamente piden 70,000 pesos de rescate<br>Desde su desaparici\u00f3n, las familias de las v\u00edctimas han estado recibiendo llamadas de extorsi\u00f3n originadas del celular de uno de los viajeros de Guanajuato donde les solicitan al menos 70,000 a cambio de su liberaci\u00f3n.<\/p>\n\n\n\n<p>Colaboran autoridades de Guanajuato con las de San Luis Potos\u00ed<br>La secretaria de Gobierno Libia Dennise dio a conocer a penas hace unos momentos que las autoridades de Guanajuato y las de San Luis Potos\u00ed, estado donde desaparecieron, est\u00e1n colaborando para dar con su ubicaci\u00f3n.<\/p>\n","protected":false},"excerpt":{"rendered":"<p>Al menos 23 personas, originarias de Guanajuato est\u00e1n desaparecidas, presuntamente se trata de un secuestro. Las v\u00edctimas, que partieron del municipio de San Felipe el pasado lunes 3 de abril, con destino a Saltillo, Coahuila, iban a bordo de 2 camionetas de las cuales una fue localizada vac\u00eda en el libramiento de Matehuala en el [&hellip;]<\/p>\n","protected":false},"author":4,"featured_media":24505,"comment_status":"open","ping_status":"open","sticky":false,"template":"","format":"standard","meta":{"om_disable_all_campaigns":false,"_monsterinsights_skip_tracking":false,"_monsterinsights_sitenote_active":false,"_monsterinsights_sitenote_note":"","_monsterinsights_sitenote_category":0,"footnotes":""},"categories":[175,5],"tags":[223],"class_list":["post-24503","post","type-post","status-publish","format-standard","has-post-thumbnail","hentry","category-local","category-politica","tag-puebla"],"amp_enabled":true,"_links":{"self":[{"href":"https:\/\/lahora.mx\/index.php\/wp-json\/wp\/v2\/posts\/24503","targetHints":{"allow":["GET"]}}],"collection":[{"href":"https:\/\/lahora.mx\/index.php\/wp-json\/wp\/v2\/posts"}],"about":[{"href":"https:\/\/lahora.mx\/index.php\/wp-json\/wp\/v2\/types\/post"}],"author":[{"embeddable":true,"href":"https:\/\/lahora.mx\/index.php\/wp-json\/wp\/v2\/users\/4"}],"replies":[{"embeddable":true,"href":"https:\/\/lahora.mx\/index.php\/wp-json\/wp\/v2\/comments?post=24503"}],"version-history":[{"count":1,"href":"https:\/\/lahora.mx\/index.php\/wp-json\/wp\/v2\/posts\/24503\/revisions"}],"predecessor-version":[{"id":24507,"href":"https:\/\/lahora.mx\/index.php\/wp-json\/wp\/v2\/posts\/24503\/revisions\/24507"}],"wp:featuredmedia":[{"embeddable":true,"href":"https:\/\/lahora.mx\/index.php\/wp-json\/wp\/v2\/media\/24505"}],"wp:attachment":[{"href":"https:\/\/lahora.mx\/index.php\/wp-json\/wp\/v2\/media?parent=24503"}],"wp:term":[{"taxonomy":"category","embeddable":true,"href":"https:\/\/lahora.mx\/index.php\/wp-json\/wp\/v2\/categories?post=24503"},{"taxonomy":"post_tag","embeddable":true,"href":"https:\/\/lahora.mx\/index.php\/wp-json\/wp\/v2\/tags?post=24503"}],"curies":[{"name":"wp","href":"https:\/\/api.w.org\/{rel}","templated":true}]}}