{"id":24494,"date":"2023-04-06T00:43:29","date_gmt":"2023-04-06T00:43:29","guid":{"rendered":"http:\/\/lahora.mx\/?p=24494"},"modified":"2023-04-06T00:43:31","modified_gmt":"2023-04-06T00:43:31","slug":"ayuntamiento-de-puebla-anuncia-cierres-viales-por-la-xxxi-procesion-de-viernes-santo","status":"publish","type":"post","link":"https:\/\/lahora.mx\/index.php\/2023\/04\/06\/ayuntamiento-de-puebla-anuncia-cierres-viales-por-la-xxxi-procesion-de-viernes-santo\/","title":{"rendered":"Ayuntamiento de Puebla anuncia cierres viales por la XXXI procesi\u00f3n de viernes santo"},"content":{"rendered":"\n<p>Para que las celebraciones de Semana Santa en Puebla se lleven a cabo en orden y con la mayor seguridad para las y los participantes, el Gobierno Municipal presidido por Eduardo Rivera P\u00e9rez, informa los cierres viales correspondientes a la XXXI Procesi\u00f3n de Viernes Santo que comienza a las 12:00 horas.<\/p>\n\n\n\n<p>En ese sentido, la Secretar\u00eda de Seguridad Ciudadana informa que, tomando en cuenta el recorrido de la procesi\u00f3n, as\u00ed como de las siete im\u00e1genes participantes, habr\u00e1 cierres viales de 8:00 a 17:00 horas en:<\/p>\n\n\n\n<ul class=\"wp-block-list\">\n<li>Bulevar 5 de Mayo y Calle 5 de Mayo.<\/li>\n\n\n\n<li>Bulevar 5 de Mayo y 2 Norte.<\/li>\n\n\n\n<li>24 Oriente y 2 Norte<\/li>\n\n\n\n<li>20 Oriente y 2 Norte<\/li>\n\n\n\n<li>18 Oriente y 4 Norte<\/li>\n\n\n\n<li>16 Poniente y 3 Norte<\/li>\n\n\n\n<li>14 Oriente y 6 Norte<\/li>\n\n\n\n<li>14 Poniente y 11 Norte<\/li>\n\n\n\n<li>12 Oriente y 6 Norte<\/li>\n\n\n\n<li>8 Poniente y 5 Norte<\/li>\n\n\n\n<li>6 Poniente y 5 Norte<\/li>\n\n\n\n<li>6 Poniente y 7 Norte<\/li>\n\n\n\n<li>6 Poniente y 11 Norte<\/li>\n\n\n\n<li>4 Poniente y 7 Norte<\/li>\n\n\n\n<li>2 Oriente y Bulevar 5 de Mayo<\/li>\n\n\n\n<li>2 Poniente y 3 Norte<\/li>\n\n\n\n<li>2 Poniente y 13 Norte<\/li>\n\n\n\n<li>Reforma y 17 Norte<\/li>\n\n\n\n<li>3 Oriente y Bulevar 5 de Mayo<\/li>\n\n\n\n<li>5 Poniente y 15 Sur<\/li>\n\n\n\n<li>5 Poniente y 11 Sur<\/li>\n\n\n\n<li>Avenida Ju\u00e1rez y 15 Sur<\/li>\n\n\n\n<li>7 Oriente y Bulevar 5 de Mayo<\/li>\n\n\n\n<li>9 Oriente y 4 Sur<\/li>\n\n\n\n<li>9 Poniente y 3 Sur<\/li>\n\n\n\n<li>9 Poniente y 15 Sur<\/li>\n\n\n\n<li>11 Poniente y 13 Sur<\/li>\n\n\n\n<li>11 Poniente 11 Sur<\/li>\n\n\n\n<li>11 Oriente y Bulevar 5 de Mayo<\/li>\n\n\n\n<li>13 Poniente y 3 Sur<\/li>\n\n\n\n<li>13 Poniente y 5 Sur<\/li>\n\n\n\n<li>13 Poniente y 9 Sur<\/li>\n\n\n\n<li>13 Poniente y 11 Sur<\/li>\n\n\n\n<li>17 Poniente y 3 Sur<\/li>\n\n\n\n<li>19 Poniente y 16 de Septiembre<\/li>\n<\/ul>\n\n\n\n<p>Adicionalmente, por la festividad del Calvario, desde el jueves 06 de abril a partir de las 19:00 horas habr\u00e1 cortes de circulaci\u00f3n por la colocaci\u00f3n de juegos mec\u00e1nicos y puestos, hasta las 24:00 horas del viernes 07 de abril en:<\/p>\n\n\n\n<figure class=\"wp-block-image size-full\"><img fetchpriority=\"high\" decoding=\"async\" width=\"600\" height=\"730\" src=\"https:\/\/lahora.mx\/wp-content\/uploads\/2023\/04\/Captura-de-pantalla-2023-04-05-a-las-19.43.26.png\" alt=\"\" class=\"wp-image-24496\" srcset=\"https:\/\/lahora.mx\/wp-content\/uploads\/2023\/04\/Captura-de-pantalla-2023-04-05-a-las-19.43.26.png 600w, https:\/\/lahora.mx\/wp-content\/uploads\/2023\/04\/Captura-de-pantalla-2023-04-05-a-las-19.43.26-247x300.png 247w\" sizes=\"(max-width: 600px) 100vw, 600px\" \/><\/figure>\n\n\n\n<ul class=\"wp-block-list\">\n<li>22 Oriente desde el bulevar 5 de Mayo hasta la 14 Norte<\/li>\n\n\n\n<li>20 Oriente desde mismo bulevar a la 12 Norte<\/li>\n\n\n\n<li>Las calles aleda\u00f1as al Parque Esteban de Antu\u00f1ano<\/li>\n\n\n\n<li>Calzada de los Fuertes desde la 22 Oriente hasta Casa Puebla<\/li>\n\n\n\n<li>10 Norte de la 16 a la 20 Oriente<\/li>\n\n\n\n<li>As\u00ed como calles internas del Parque San Francisco, dejando libre la 10 Norte de la 14 a la 16 Oriente para flujo vehicular.<\/li>\n<\/ul>\n","protected":false},"excerpt":{"rendered":"<p>Para que las celebraciones de Semana Santa en Puebla se lleven a cabo en orden y con la mayor seguridad para las y los participantes, el Gobierno Municipal presidido por Eduardo Rivera P\u00e9rez, informa los cierres viales correspondientes a la XXXI Procesi\u00f3n de Viernes Santo que comienza a las 12:00 horas. En ese sentido, la [&hellip;]<\/p>\n","protected":false},"author":4,"featured_media":24495,"comment_status":"open","ping_status":"open","sticky":false,"template":"","format":"standard","meta":{"om_disable_all_campaigns":false,"_monsterinsights_skip_tracking":false,"_monsterinsights_sitenote_active":false,"_monsterinsights_sitenote_note":"","_monsterinsights_sitenote_category":0,"footnotes":""},"categories":[175],"tags":[223],"class_list":["post-24494","post","type-post","status-publish","format-standard","has-post-thumbnail","hentry","category-local","tag-puebla"],"amp_enabled":true,"_links":{"self":[{"href":"https:\/\/lahora.mx\/index.php\/wp-json\/wp\/v2\/posts\/24494","targetHints":{"allow":["GET"]}}],"collection":[{"href":"https:\/\/lahora.mx\/index.php\/wp-json\/wp\/v2\/posts"}],"about":[{"href":"https:\/\/lahora.mx\/index.php\/wp-json\/wp\/v2\/types\/post"}],"author":[{"embeddable":true,"href":"https:\/\/lahora.mx\/index.php\/wp-json\/wp\/v2\/users\/4"}],"replies":[{"embeddable":true,"href":"https:\/\/lahora.mx\/index.php\/wp-json\/wp\/v2\/comments?post=24494"}],"version-history":[{"count":1,"href":"https:\/\/lahora.mx\/index.php\/wp-json\/wp\/v2\/posts\/24494\/revisions"}],"predecessor-version":[{"id":24497,"href":"https:\/\/lahora.mx\/index.php\/wp-json\/wp\/v2\/posts\/24494\/revisions\/24497"}],"wp:featuredmedia":[{"embeddable":true,"href":"https:\/\/lahora.mx\/index.php\/wp-json\/wp\/v2\/media\/24495"}],"wp:attachment":[{"href":"https:\/\/lahora.mx\/index.php\/wp-json\/wp\/v2\/media?parent=24494"}],"wp:term":[{"taxonomy":"category","embeddable":true,"href":"https:\/\/lahora.mx\/index.php\/wp-json\/wp\/v2\/categories?post=24494"},{"taxonomy":"post_tag","embeddable":true,"href":"https:\/\/lahora.mx\/index.php\/wp-json\/wp\/v2\/tags?post=24494"}],"curies":[{"name":"wp","href":"https:\/\/api.w.org\/{rel}","templated":true}]}}