{"id":24491,"date":"2023-04-05T22:56:42","date_gmt":"2023-04-05T22:56:42","guid":{"rendered":"http:\/\/lahora.mx\/?p=24491"},"modified":"2023-04-05T22:56:43","modified_gmt":"2023-04-05T22:56:43","slug":"cespedes-respalda-a-amlo-en-expansion-de-cfe-con-compra-a-iberdrola","status":"publish","type":"post","link":"https:\/\/lahora.mx\/index.php\/2023\/04\/05\/cespedes-respalda-a-amlo-en-expansion-de-cfe-con-compra-a-iberdrola\/","title":{"rendered":"C\u00e9spedes respalda a AMLO en expansi\u00f3n de CFE con compra a Iberdrola"},"content":{"rendered":"\n<p>El gobernador de Puebla, Sergio Salom\u00f3n C\u00e9spedes Peregrina, expres\u00f3 este mi\u00e9rcoles 5 de abril su respaldo al presidente de la Rep\u00fablica, Andr\u00e9s Manuel L\u00f3pez Obrador, as\u00ed como a las iniciativas impulsadas en su administraci\u00f3n.<\/p>\n\n\n\n<p>En rueda de prensa, el mandatario poblano se pronunci\u00f3 a favor de la compra de 13 plantas de Iberdrola argumentando que la medida favorecer\u00e1 a la generaci\u00f3n de energ\u00eda el\u00e9ctrica en M\u00e9xico.<br>As\u00ed mismo, respald\u00f3 el Plan B de la reforma electoral, la cual asegur\u00f3, favorecer\u00e1 a la construcci\u00f3n de una mayor y mejor democracia en los futuros procesos electorales.<\/p>\n\n\n\n<p>Reconoci\u00f3 que hay un sector de la poblaci\u00f3n en contra de la iniciativa, lo cual dijo es respetable, sin embargo, pidi\u00f3 no polarizar la discusi\u00f3n en torno a la iniciativa, pues argument\u00f3 que favorece a las pugnas entre partidos pol\u00edticos.<\/p>\n\n\n\n<p>As\u00ed mismo, agradeci\u00f3 el apoyo mostrado por L\u00f3pez Obrador a su gesti\u00f3n como gobernador substituto e incluso dijo han coincidido en algunos proyectos que anunciar\u00e1 en pr\u00f3ximas fechas.<\/p>\n\n\n\n<p>\u00abQuiero dejar muy claro, no hay una falta de apoyo por parte del gobierno federal, yo he encontrado un gran cobijo y un gran respaldo; estamos trabajando en varios proyectos con el gobierno federal que esperemos pronto se puedan dar a conocer\u00bb.<\/p>\n\n\n\n<p>Finalmente, C\u00e9spedes Peregrina respald\u00f3 a Mario Delgado Carrillo como presidente del Consejo Nacional de Morena despu\u00e9s de que la magistrada del Tribunal Electoral del Poder Judicial de la Federaci\u00f3n (TEPJF), Janine Ot\u00e1lora declarara como inconstitucional la ampliaci\u00f3n de su gesti\u00f3n al frente del partido.<\/p>\n\n\n\n<p>\u00abComo militante (de Morena) pues hay un respaldo total al presidente (Mario Delgado) y bueno pues es parte de lo que creemos que no debe de ser una acci\u00f3n que va generando condiciones que no son sanas y muchas veces nada m\u00e1s se confunde, pero el respaldo es total al presidente Mario Delgado\u00bb, a\u00f1adi\u00f3 C\u00e9spedes.<\/p>\n","protected":false},"excerpt":{"rendered":"<p>El gobernador de Puebla, Sergio Salom\u00f3n C\u00e9spedes Peregrina, expres\u00f3 este mi\u00e9rcoles 5 de abril su respaldo al presidente de la Rep\u00fablica, Andr\u00e9s Manuel L\u00f3pez Obrador, as\u00ed como a las iniciativas impulsadas en su administraci\u00f3n. En rueda de prensa, el mandatario poblano se pronunci\u00f3 a favor de la compra de 13 plantas de Iberdrola argumentando que [&hellip;]<\/p>\n","protected":false},"author":4,"featured_media":24492,"comment_status":"open","ping_status":"open","sticky":false,"template":"","format":"standard","meta":{"om_disable_all_campaigns":false,"_monsterinsights_skip_tracking":false,"_monsterinsights_sitenote_active":false,"_monsterinsights_sitenote_note":"","_monsterinsights_sitenote_category":0,"footnotes":""},"categories":[175],"tags":[223],"class_list":["post-24491","post","type-post","status-publish","format-standard","has-post-thumbnail","hentry","category-local","tag-puebla"],"amp_enabled":true,"_links":{"self":[{"href":"https:\/\/lahora.mx\/index.php\/wp-json\/wp\/v2\/posts\/24491","targetHints":{"allow":["GET"]}}],"collection":[{"href":"https:\/\/lahora.mx\/index.php\/wp-json\/wp\/v2\/posts"}],"about":[{"href":"https:\/\/lahora.mx\/index.php\/wp-json\/wp\/v2\/types\/post"}],"author":[{"embeddable":true,"href":"https:\/\/lahora.mx\/index.php\/wp-json\/wp\/v2\/users\/4"}],"replies":[{"embeddable":true,"href":"https:\/\/lahora.mx\/index.php\/wp-json\/wp\/v2\/comments?post=24491"}],"version-history":[{"count":1,"href":"https:\/\/lahora.mx\/index.php\/wp-json\/wp\/v2\/posts\/24491\/revisions"}],"predecessor-version":[{"id":24493,"href":"https:\/\/lahora.mx\/index.php\/wp-json\/wp\/v2\/posts\/24491\/revisions\/24493"}],"wp:featuredmedia":[{"embeddable":true,"href":"https:\/\/lahora.mx\/index.php\/wp-json\/wp\/v2\/media\/24492"}],"wp:attachment":[{"href":"https:\/\/lahora.mx\/index.php\/wp-json\/wp\/v2\/media?parent=24491"}],"wp:term":[{"taxonomy":"category","embeddable":true,"href":"https:\/\/lahora.mx\/index.php\/wp-json\/wp\/v2\/categories?post=24491"},{"taxonomy":"post_tag","embeddable":true,"href":"https:\/\/lahora.mx\/index.php\/wp-json\/wp\/v2\/tags?post=24491"}],"curies":[{"name":"wp","href":"https:\/\/api.w.org\/{rel}","templated":true}]}}