{"id":24485,"date":"2023-04-05T22:22:39","date_gmt":"2023-04-05T22:22:39","guid":{"rendered":"http:\/\/lahora.mx\/?p=24485"},"modified":"2023-04-05T22:22:40","modified_gmt":"2023-04-05T22:22:40","slug":"imco-cfe-no-aumenta-participacion-de-mercado-en-generacion-electrica-tras-compra-a-iberdrola","status":"publish","type":"post","link":"https:\/\/lahora.mx\/index.php\/2023\/04\/05\/imco-cfe-no-aumenta-participacion-de-mercado-en-generacion-electrica-tras-compra-a-iberdrola\/","title":{"rendered":"IMCO: CFE no aumenta participaci\u00f3n de mercado en generaci\u00f3n el\u00e9ctrica tras compra a Iberdrola"},"content":{"rendered":"\n<p>El martes, la empresa de energ\u00eda Iberdrola y el gobierno de M\u00e9xico dieron a conocer que llagaron a un acuerdo para la compra de 13 plantas de generaci\u00f3n de energ\u00eda el\u00e9ctrica en M\u00e9xico.<\/p>\n\n\n\n<p>Tras el anuncio, el Instituto Mexicano para la Competitividad (IMCO) indic\u00f3 que dicha compra no nacionaliza la industria el\u00e9ctrica, pues pese a que ahora cuenta con financiamiento del sector p\u00fablico, legalmente la propiedad de las centrales se mantendr\u00e1 privada.<\/p>\n\n\n\n<p>La venta de las centrales en M\u00e9xico, por un costo de 6 mil millones de d\u00f3lares, fue a un fideicomiso privado con participaci\u00f3n mayoritaria del Fondo Nacional de Infraestructura (Fonadin) y otras instituciones p\u00fablicas mexicanas, gestionado por Mexico Infrastructure Partners (MIP), una administradora de fondos mexicana enfocada en inversiones en infraestructura y energ\u00eda.<\/p>\n\n\n\n<p>El IMCO explic\u00f3 que a pesar de contar con financiamiento p\u00fablico, legalmente la propiedad de las centrales y la gesti\u00f3n del fideicomiso ser\u00e1 privada, ajena al gobierno federal y a la Comisi\u00f3n Federal de Electricidad (CFE), lo que quiere decir que la CFE no est\u00e1 incrementando su participaci\u00f3n de mercado en la generaci\u00f3n el\u00e9ctrica.<\/p>\n\n\n\n<p>Abund\u00f3 que del total de activos en la transacci\u00f3n, 12 centrales son de ciclo combinado (gas natural y vapor) -8,436 MW- y una es e\u00f3lica -103 MW-. Asimismo, 10 operan bajo la figura de Productores Independientes de Energ\u00eda (PIEs) -centrales privadas que venden toda su producci\u00f3n a la CFE en contratos de hasta 30 a\u00f1os instaladas previo a la apertura del sector energ\u00e9tico en 2013\/14- y tres lo hacen de forma privada (es decir, participan directamente en el Mercado El\u00e9ctrico Mayorista).<br>El IMCO se\u00f1ala que si bien el gobierno mexicano argumenta que el porcentaje de generaci\u00f3n el\u00e9ctrica bajo control de la CFE se incrementar\u00e1 de 39.6% a 55.5%, la mayor parte de esta generaci\u00f3n ya est\u00e1 bajo control de la empresa.<\/p>\n\n\n\n<p>Lo anterior, dado que los Productores Independientes de Energ\u00eda ya forman parte de la matriz de generaci\u00f3n de la empresa a trav\u00e9s de la subsidiaria CFE Generaci\u00f3n V, encargada de administrar los contratos con estas centrales, de representarlas en el mercado y de reportar su estado de resultados ante la Cuenta P\u00fablica.<\/p>\n\n\n\n<p>En otras palabras, indica, estas centrales operan legalmente en los t\u00e9rminos impuestos por la empresa y forman parte jur\u00eddica, contable y econ\u00f3micamente de la Comisi\u00f3n Federal de Electricidad.<\/p>\n\n\n\n<p>Esta venta, subraya, no representa una nacionalizaci\u00f3n de la industria, ni cambia la operaci\u00f3n del Mercado El\u00e9ctrico Mayorista, \u00fanicamente cambia la propiedad de una canasta de centrales entre privados.<\/p>\n\n\n\n<p>\u00abEl anuncio que CFE operar\u00e1 estas centrales no cambia este hecho, aunque abre la puerta a que la empresa estatal expanda las condiciones de su contrato colectivo de trabajo a los trabajadores de las nuevas centrales, y pone en riesgo su rentabilidad en el mediano y largo plazo, dadas las condiciones establecidas desde la renegociaci\u00f3n de 2020 que redujo en 10 a\u00f1os la edad de retiro\u00bb, indica el IMCO.<\/p>\n\n\n\n<p>\u00bfQu\u00e9 busca Iberdrola?<br>En un comunicado, el Instituto para Competitividad menciona que la transacci\u00f3n de Iberdrola se da en un contexto que busca reducir gradualmente la huella de carbono en su matriz de generaci\u00f3n el\u00e9ctrica y centrar sus inversiones en tecnolog\u00edas bajas en emisiones. \u201cEn noviembre de 2022, la empresa anunci\u00f3 el objetivo de invertir 47 mil millones de euros (51 mil millones de d\u00f3lares) en proyectos de infraestructura de redes y generaci\u00f3n renovable en un plazo de tres a\u00f1os. En este sentido, la venta le permite liberar capital invertido en proyectos f\u00f3siles de mayor antig\u00fcedad a nuevos proyectos de energ\u00edas limpias\u201d.<\/p>\n","protected":false},"excerpt":{"rendered":"<p>El martes, la empresa de energ\u00eda Iberdrola y el gobierno de M\u00e9xico dieron a conocer que llagaron a un acuerdo para la compra de 13 plantas de generaci\u00f3n de energ\u00eda el\u00e9ctrica en M\u00e9xico. Tras el anuncio, el Instituto Mexicano para la Competitividad (IMCO) indic\u00f3 que dicha compra no nacionaliza la industria el\u00e9ctrica, pues pese a [&hellip;]<\/p>\n","protected":false},"author":4,"featured_media":24486,"comment_status":"open","ping_status":"open","sticky":false,"template":"","format":"standard","meta":{"om_disable_all_campaigns":false,"_monsterinsights_skip_tracking":false,"_monsterinsights_sitenote_active":false,"_monsterinsights_sitenote_note":"","_monsterinsights_sitenote_category":0,"footnotes":""},"categories":[176],"tags":[],"class_list":["post-24485","post","type-post","status-publish","format-standard","has-post-thumbnail","hentry","category-nacional"],"amp_enabled":true,"_links":{"self":[{"href":"https:\/\/lahora.mx\/index.php\/wp-json\/wp\/v2\/posts\/24485","targetHints":{"allow":["GET"]}}],"collection":[{"href":"https:\/\/lahora.mx\/index.php\/wp-json\/wp\/v2\/posts"}],"about":[{"href":"https:\/\/lahora.mx\/index.php\/wp-json\/wp\/v2\/types\/post"}],"author":[{"embeddable":true,"href":"https:\/\/lahora.mx\/index.php\/wp-json\/wp\/v2\/users\/4"}],"replies":[{"embeddable":true,"href":"https:\/\/lahora.mx\/index.php\/wp-json\/wp\/v2\/comments?post=24485"}],"version-history":[{"count":1,"href":"https:\/\/lahora.mx\/index.php\/wp-json\/wp\/v2\/posts\/24485\/revisions"}],"predecessor-version":[{"id":24487,"href":"https:\/\/lahora.mx\/index.php\/wp-json\/wp\/v2\/posts\/24485\/revisions\/24487"}],"wp:featuredmedia":[{"embeddable":true,"href":"https:\/\/lahora.mx\/index.php\/wp-json\/wp\/v2\/media\/24486"}],"wp:attachment":[{"href":"https:\/\/lahora.mx\/index.php\/wp-json\/wp\/v2\/media?parent=24485"}],"wp:term":[{"taxonomy":"category","embeddable":true,"href":"https:\/\/lahora.mx\/index.php\/wp-json\/wp\/v2\/categories?post=24485"},{"taxonomy":"post_tag","embeddable":true,"href":"https:\/\/lahora.mx\/index.php\/wp-json\/wp\/v2\/tags?post=24485"}],"curies":[{"name":"wp","href":"https:\/\/api.w.org\/{rel}","templated":true}]}}