{"id":24482,"date":"2023-04-05T22:10:29","date_gmt":"2023-04-05T22:10:29","guid":{"rendered":"http:\/\/lahora.mx\/?p=24482"},"modified":"2023-04-05T22:10:30","modified_gmt":"2023-04-05T22:10:30","slug":"feria-de-la-gordita-en-la-resurreccion-este-12-de-abril","status":"publish","type":"post","link":"https:\/\/lahora.mx\/index.php\/2023\/04\/05\/feria-de-la-gordita-en-la-resurreccion-este-12-de-abril\/","title":{"rendered":"Feria de la Gordita en La Resurrecci\u00f3n este 12 de abril"},"content":{"rendered":"\n<p>Este 12 de abril en la junta auxiliar de La Resurrecci\u00f3n se llevar\u00e1 a cabo una edici\u00f3n m\u00e1s de la Feria de la Memela donde se todas las memelas ser\u00e1n gratuitas.<\/p>\n\n\n\n<p>De acuerdo al regidor de Morena, Leobardo Rodr\u00edguez Ju\u00e1rez las actividades comenzar\u00e1n a partir de las siete de la ma\u00f1ana y terminar\u00e1n a las seis de la tarde.<\/p>\n\n\n\n<p>La feria se realizar\u00e1 en la explanada de la parroquia de La Resurrecci\u00f3n del Se\u00f1or ubicada en calle Jos\u00e9 Mar\u00eda Morelos.<\/p>\n\n\n\n<p>En este festejo se van a consumir 4 toneladas de ma\u00edz, 2 toneladas de frijol, mil 800 litros de salsa roja y verde, mil 500 kilos de queso y mil de manteca.<\/p>\n\n\n\n<p>Habr\u00e1 una participaci\u00f3n de 50 a 60 puestos , cien mesas disponibles y 700 sillas para los asistentes .<\/p>\n","protected":false},"excerpt":{"rendered":"<p>Este 12 de abril en la junta auxiliar de La Resurrecci\u00f3n se llevar\u00e1 a cabo una edici\u00f3n m\u00e1s de la Feria de la Memela donde se todas las memelas ser\u00e1n gratuitas. De acuerdo al regidor de Morena, Leobardo Rodr\u00edguez Ju\u00e1rez las actividades comenzar\u00e1n a partir de las siete de la ma\u00f1ana y terminar\u00e1n a las [&hellip;]<\/p>\n","protected":false},"author":4,"featured_media":24483,"comment_status":"open","ping_status":"open","sticky":false,"template":"","format":"standard","meta":{"om_disable_all_campaigns":false,"_monsterinsights_skip_tracking":false,"_monsterinsights_sitenote_active":false,"_monsterinsights_sitenote_note":"","_monsterinsights_sitenote_category":0,"footnotes":""},"categories":[3,175],"tags":[195,223],"class_list":["post-24482","post","type-post","status-publish","format-standard","has-post-thumbnail","hentry","category-entretenimiento","category-local","tag-principal","tag-puebla"],"amp_enabled":true,"_links":{"self":[{"href":"https:\/\/lahora.mx\/index.php\/wp-json\/wp\/v2\/posts\/24482","targetHints":{"allow":["GET"]}}],"collection":[{"href":"https:\/\/lahora.mx\/index.php\/wp-json\/wp\/v2\/posts"}],"about":[{"href":"https:\/\/lahora.mx\/index.php\/wp-json\/wp\/v2\/types\/post"}],"author":[{"embeddable":true,"href":"https:\/\/lahora.mx\/index.php\/wp-json\/wp\/v2\/users\/4"}],"replies":[{"embeddable":true,"href":"https:\/\/lahora.mx\/index.php\/wp-json\/wp\/v2\/comments?post=24482"}],"version-history":[{"count":1,"href":"https:\/\/lahora.mx\/index.php\/wp-json\/wp\/v2\/posts\/24482\/revisions"}],"predecessor-version":[{"id":24484,"href":"https:\/\/lahora.mx\/index.php\/wp-json\/wp\/v2\/posts\/24482\/revisions\/24484"}],"wp:featuredmedia":[{"embeddable":true,"href":"https:\/\/lahora.mx\/index.php\/wp-json\/wp\/v2\/media\/24483"}],"wp:attachment":[{"href":"https:\/\/lahora.mx\/index.php\/wp-json\/wp\/v2\/media?parent=24482"}],"wp:term":[{"taxonomy":"category","embeddable":true,"href":"https:\/\/lahora.mx\/index.php\/wp-json\/wp\/v2\/categories?post=24482"},{"taxonomy":"post_tag","embeddable":true,"href":"https:\/\/lahora.mx\/index.php\/wp-json\/wp\/v2\/tags?post=24482"}],"curies":[{"name":"wp","href":"https:\/\/api.w.org\/{rel}","templated":true}]}}