{"id":24475,"date":"2023-04-05T19:16:14","date_gmt":"2023-04-05T19:16:14","guid":{"rendered":"http:\/\/lahora.mx\/?p=24475"},"modified":"2023-04-05T19:16:15","modified_gmt":"2023-04-05T19:16:15","slug":"ayuntamiento-de-puebla-celebra-8-carrera-de-cadetes-y-jovenes","status":"publish","type":"post","link":"https:\/\/lahora.mx\/index.php\/2023\/04\/05\/ayuntamiento-de-puebla-celebra-8-carrera-de-cadetes-y-jovenes\/","title":{"rendered":"Ayuntamiento de Puebla celebra 8\u00b0 carrera de cadetes y j\u00f3venes"},"content":{"rendered":"\n<p>Este a\u00f1o, ingresaron a la Academia de Polic\u00eda del Municipio de Puebla 117 hombres y mujeres, quienes pusieron a prueba su compromiso, resistencia, valor y disciplina en la 8\u00b0 Carrera con Cadetes y J\u00f3venes; 5 kil\u00f3metros de prueba f\u00edsica que encabez\u00f3 Eduardo Rivera P\u00e9rez, Presidente Municipal.<\/p>\n\n\n\n<p>Fue desde la Laguna de Chapulco que Rivera P\u00e9rez comparti\u00f3 que las generaciones que lo acompa\u00f1aron en este ejercicio son la 36 y 37, \u201cporque queremos elementos honestos y trabajadores, que nos ayuden a preservar la paz y la seguridad, por eso hemos graduado en lo que va de la administraci\u00f3n 380 polic\u00edas\u201d, detall\u00f3 el Alcalde.<\/p>\n\n\n\n<p>Previo a este ejercicio, el Mun\u00edcipe tambi\u00e9n reconoci\u00f3 la participaci\u00f3n destacada de Omar Salda\u00f1a Penetro, estudiante de Maestr\u00eda en Ciencias y Tecnolog\u00eda del Espacio, Instituto Nacional de Astrof\u00edsica, \u00d3ptica y Electr\u00f3nica, qui\u00e9n representar\u00e1 a Puebla y M\u00e9xico en un programa especial en Polonia.<\/p>\n\n\n\n<p>De igual forma, se distinguieron a seis elementos de Polic\u00eda Municipal que actuaron de forma oportuna y efectiva en dos asaltos al transporte p\u00fablico en las rutas 72 y 64, en Ignacio Romero Vargas y Santa Anita, respectivamente, recuperando pertenencias de las y los usuarios afectados y deteniendo a los presuntos delincuentes.<\/p>\n\n\n\n<p>Tambi\u00e9n participaron en la 8\u00b0 Carrera con Cadetes y J\u00f3venes: Manuel Herrera Rojas, Regidor Presidente de la Comisi\u00f3n de Desarrollo Econ\u00f3mico y Turismo; Mar\u00eda del Consuelo Cruz Galindo, Secretaria de Seguridad Ciudadana; Miguel Mart\u00edn Hern\u00e1ndez Mart\u00ednez, Coordinador de Operatividad Policial; Guillermo Almaz\u00e1n Smith, Director de la Academia de Polic\u00eda; Myriam Arabian Couttolenc, Secretaria de Medio Ambiente; Fernando Cort\u00e9s Betanzos, Coordinador General de Comunicaci\u00f3n Social; as\u00ed como Antonio Iriarte Gonz\u00e1lez y Karla Mart\u00ednez Lechuga, titulares de los Institutos Municipales del Deporte y de<br>la Juventud, respectivamente.<\/p>\n","protected":false},"excerpt":{"rendered":"<p>Este a\u00f1o, ingresaron a la Academia de Polic\u00eda del Municipio de Puebla 117 hombres y mujeres, quienes pusieron a prueba su compromiso, resistencia, valor y disciplina en la 8\u00b0 Carrera con Cadetes y J\u00f3venes; 5 kil\u00f3metros de prueba f\u00edsica que encabez\u00f3 Eduardo Rivera P\u00e9rez, Presidente Municipal. Fue desde la Laguna de Chapulco que Rivera P\u00e9rez [&hellip;]<\/p>\n","protected":false},"author":4,"featured_media":24476,"comment_status":"open","ping_status":"open","sticky":false,"template":"","format":"standard","meta":{"om_disable_all_campaigns":false,"_monsterinsights_skip_tracking":false,"_monsterinsights_sitenote_active":false,"_monsterinsights_sitenote_note":"","_monsterinsights_sitenote_category":0,"footnotes":""},"categories":[175],"tags":[223],"class_list":["post-24475","post","type-post","status-publish","format-standard","has-post-thumbnail","hentry","category-local","tag-puebla"],"amp_enabled":true,"_links":{"self":[{"href":"https:\/\/lahora.mx\/index.php\/wp-json\/wp\/v2\/posts\/24475","targetHints":{"allow":["GET"]}}],"collection":[{"href":"https:\/\/lahora.mx\/index.php\/wp-json\/wp\/v2\/posts"}],"about":[{"href":"https:\/\/lahora.mx\/index.php\/wp-json\/wp\/v2\/types\/post"}],"author":[{"embeddable":true,"href":"https:\/\/lahora.mx\/index.php\/wp-json\/wp\/v2\/users\/4"}],"replies":[{"embeddable":true,"href":"https:\/\/lahora.mx\/index.php\/wp-json\/wp\/v2\/comments?post=24475"}],"version-history":[{"count":1,"href":"https:\/\/lahora.mx\/index.php\/wp-json\/wp\/v2\/posts\/24475\/revisions"}],"predecessor-version":[{"id":24477,"href":"https:\/\/lahora.mx\/index.php\/wp-json\/wp\/v2\/posts\/24475\/revisions\/24477"}],"wp:featuredmedia":[{"embeddable":true,"href":"https:\/\/lahora.mx\/index.php\/wp-json\/wp\/v2\/media\/24476"}],"wp:attachment":[{"href":"https:\/\/lahora.mx\/index.php\/wp-json\/wp\/v2\/media?parent=24475"}],"wp:term":[{"taxonomy":"category","embeddable":true,"href":"https:\/\/lahora.mx\/index.php\/wp-json\/wp\/v2\/categories?post=24475"},{"taxonomy":"post_tag","embeddable":true,"href":"https:\/\/lahora.mx\/index.php\/wp-json\/wp\/v2\/tags?post=24475"}],"curies":[{"name":"wp","href":"https:\/\/api.w.org\/{rel}","templated":true}]}}