{"id":24472,"date":"2023-04-05T18:50:34","date_gmt":"2023-04-05T18:50:34","guid":{"rendered":"http:\/\/lahora.mx\/?p=24472"},"modified":"2023-04-05T18:50:35","modified_gmt":"2023-04-05T18:50:35","slug":"lopez-obrador-rechaza-proceso-contra-trump-en-eu","status":"publish","type":"post","link":"https:\/\/lahora.mx\/index.php\/2023\/04\/05\/lopez-obrador-rechaza-proceso-contra-trump-en-eu\/","title":{"rendered":"L\u00f3pez Obrador rechaza proceso contra Trump en EU"},"content":{"rendered":"\n<p>El presidente Andr\u00e9s Manuel L\u00f3pez Obrador critic\u00f3 el proceso en contra de Donald Trump, quien ayer compareci\u00f3 en un tribunal de Nueva York y fue imputado de 34 cargos relacionados con la falsificaci\u00f3n de registros de negocios.<\/p>\n\n\n\n<p>\u201cNo estoy de acuerdo con lo que le est\u00e1n haciendo al expresidente Trump, es que yo ya lo padec\u00ed\u201d, dijo L\u00f3pez Obrador en su ma\u00f1anera del 5 de abril e hizo un llamado a que no se descalifique a nadie en ninguna parte del mundo.<\/p>\n\n\n\n<p>Agreg\u00f3 que \u00e9l mismo vivi\u00f3 algo parecido cuando en 2005 lo desaforaron con el fin, dijo, de que no apareciera en la boleta para la elecci\u00f3n presidencial. \u201cEse era el fondo del todo\u201d, por lo que se pronunci\u00f3 en contra del proceso contra Trump y rechaz\u00f3 el uso de asuntos supuestamente legales con prop\u00f3sitos electorales.<\/p>\n\n\n\n<p>\u201cReitero, refrendo, mantengo mi postura de que no debe de utilizarse lo jur\u00eddico, los asuntos supuestamente legales con prop\u00f3sitos pol\u00edticos electorales\u201d, mencion\u00f3.<\/p>\n\n\n\n<p>Asegur\u00f3 que Trump, quien busca regresar a la Casa Blanca en 2024, est\u00e1 expuesto a una campa\u00f1a de desprestigio \u201cbajo la m\u00e1xima de que cuando la calumnia no mancha, tizna\u201d.<br>Agreg\u00f3 que no sabe si cometi\u00f3 alg\u00fan delito el expresidente de Estados Unidos, con quien renegoci\u00f3 algunos puntos del T-MEC durante su mandato y el cual finalmente firmaron, pero cuestion\u00f3 que lo est\u00e9n acusando de algo que sucedi\u00f3 hace varios a\u00f1os.<\/p>\n\n\n\n<p>Donald Trump se convirti\u00f3 el 4 de abril en el primer expresidente en enfrentar cargos penales y fue arrestado tras haberse entregado en un tribunal de Nueva York, donde compareci\u00f3 ante el juez Juan Merch\u00e1n, quien le dio a conocer los 34 delitos en su contra, todos ellos por falsificaci\u00f3n de registros de negocios, de los cuales fue acusado en primer grado.<\/p>\n\n\n\n<p>De acuerdo con el fiscal de Manhattan, Alvin Bragg, Trump falsific\u00f3 de forma constante registros financiero para encubrir conductas criminales, todo ello para ocultar informaci\u00f3n que pudiera ser perjudicial para su candidatura en las elecciones de 2016, por lo que pag\u00f3 sobornos a al menos tres personas para comprar su silencio.<\/p>\n\n\n\n<p>\u00abDonald Trump conspir\u00f3 para socavar las elecciones de 2016 a trav\u00e9s de una serie de pagos de dinero por silencio dise\u00f1ados para apagar reclamos que podr\u00edan ser perjudiciales para su candidatura\u201d, dijo el fiscal.<\/p>\n","protected":false},"excerpt":{"rendered":"<p>El presidente Andr\u00e9s Manuel L\u00f3pez Obrador critic\u00f3 el proceso en contra de Donald Trump, quien ayer compareci\u00f3 en un tribunal de Nueva York y fue imputado de 34 cargos relacionados con la falsificaci\u00f3n de registros de negocios. \u201cNo estoy de acuerdo con lo que le est\u00e1n haciendo al expresidente Trump, es que yo ya lo [&hellip;]<\/p>\n","protected":false},"author":4,"featured_media":24473,"comment_status":"open","ping_status":"open","sticky":false,"template":"","format":"standard","meta":{"om_disable_all_campaigns":false,"_monsterinsights_skip_tracking":false,"_monsterinsights_sitenote_active":false,"_monsterinsights_sitenote_note":"","_monsterinsights_sitenote_category":0,"footnotes":""},"categories":[176],"tags":[],"class_list":["post-24472","post","type-post","status-publish","format-standard","has-post-thumbnail","hentry","category-nacional"],"amp_enabled":true,"_links":{"self":[{"href":"https:\/\/lahora.mx\/index.php\/wp-json\/wp\/v2\/posts\/24472","targetHints":{"allow":["GET"]}}],"collection":[{"href":"https:\/\/lahora.mx\/index.php\/wp-json\/wp\/v2\/posts"}],"about":[{"href":"https:\/\/lahora.mx\/index.php\/wp-json\/wp\/v2\/types\/post"}],"author":[{"embeddable":true,"href":"https:\/\/lahora.mx\/index.php\/wp-json\/wp\/v2\/users\/4"}],"replies":[{"embeddable":true,"href":"https:\/\/lahora.mx\/index.php\/wp-json\/wp\/v2\/comments?post=24472"}],"version-history":[{"count":1,"href":"https:\/\/lahora.mx\/index.php\/wp-json\/wp\/v2\/posts\/24472\/revisions"}],"predecessor-version":[{"id":24474,"href":"https:\/\/lahora.mx\/index.php\/wp-json\/wp\/v2\/posts\/24472\/revisions\/24474"}],"wp:featuredmedia":[{"embeddable":true,"href":"https:\/\/lahora.mx\/index.php\/wp-json\/wp\/v2\/media\/24473"}],"wp:attachment":[{"href":"https:\/\/lahora.mx\/index.php\/wp-json\/wp\/v2\/media?parent=24472"}],"wp:term":[{"taxonomy":"category","embeddable":true,"href":"https:\/\/lahora.mx\/index.php\/wp-json\/wp\/v2\/categories?post=24472"},{"taxonomy":"post_tag","embeddable":true,"href":"https:\/\/lahora.mx\/index.php\/wp-json\/wp\/v2\/tags?post=24472"}],"curies":[{"name":"wp","href":"https:\/\/api.w.org\/{rel}","templated":true}]}}