{"id":24469,"date":"2023-04-05T18:31:59","date_gmt":"2023-04-05T18:31:59","guid":{"rendered":"http:\/\/lahora.mx\/?p=24469"},"modified":"2023-04-05T18:31:59","modified_gmt":"2023-04-05T18:31:59","slug":"compra-de-plantas-electricas-a-iberdrola-garantiza-que-precio-de-la-luz-estable","status":"publish","type":"post","link":"https:\/\/lahora.mx\/index.php\/2023\/04\/05\/compra-de-plantas-electricas-a-iberdrola-garantiza-que-precio-de-la-luz-estable\/","title":{"rendered":"Compra de plantas el\u00e9ctricas a Iberdrola garantiza que precio de la luz estable"},"content":{"rendered":"\n<p>El presidente Andr\u00e9s Manuel L\u00f3pez Obrador afirm\u00f3 que con la compra de 13 plantas de generaci\u00f3n el\u00e9ctrica a Iberdrola se garantiza que no habr\u00e1 aumentos al precio de la luz en lo que resta de su administraci\u00f3n y el pr\u00f3ximo gobierno.<\/p>\n\n\n\n<p>\u201cCon esto ya garantizamos que en el tiempo que nos falta no hay aumento en el precio de los combustibles y es buena noticia. Tambi\u00e9n hacia adelante vamos a concluir nosotros y vamos a dejar condiciones para que se mantenga la misma pol\u00edtica de precios en gasolina, di\u00e9sel, en gas y el luz\u201d.<\/p>\n\n\n\n<p>En conferencia de prensa, en Palacio Nacional, L\u00f3pez Obrador destac\u00f3 que el convenio que se suscribi\u00f3 ayer es algo muy importante para el pa\u00eds, en beneficio del pueblo de M\u00e9xico, en especial de los consumidores.<\/p>\n\n\n\n<p>\u201cPorque en esencia lo que se garantiza, es que no aumenten el precio de la luz, eso es lo esencial. Hay muchos elementos t\u00e9cnicos, pero a quienes nos est\u00e1n viendo, escuchando les digo que llevamos a cabo esta operaci\u00f3n, esta compra para fortalecer a la empresa p\u00fablica CFE, y de esta manera poder ofrecer la energ\u00eda el\u00e9ctrica a precios justos\u201d.<\/p>\n\n\n\n<p>El presidente L\u00f3pez Obrador record\u00f3 que como parte de la estrategia energ\u00e9tica su gobierno est\u00e1 invirtiendo, desde el inicio de su mandato, en rehabilitar las refiner\u00edas, se compr\u00f3 una nueva refiner\u00eda Deer Park, en Texas; ya construimos otra refiner\u00eda Dos Bocas, y se est\u00e1n construyendo dos plantas coquizadoras para convertir el petr\u00f3leo en gasolina.<br>\u201cPero con esto, ya garantizamos que, en el tiempo que nos falta, no hay aumento en el precio de los combustibles y es buena noticia\u201d.<\/p>\n\n\n\n<p>Reiter\u00f3 que en 2024 M\u00e9xico ser\u00e1 autosuficiente en la generaci\u00f3n de gasolinas, luego del desastre que dejaron los tecn\u00f3cratas corruptos con su pol\u00edtica energ\u00e9tica.<\/p>\n","protected":false},"excerpt":{"rendered":"<p>El presidente Andr\u00e9s Manuel L\u00f3pez Obrador afirm\u00f3 que con la compra de 13 plantas de generaci\u00f3n el\u00e9ctrica a Iberdrola se garantiza que no habr\u00e1 aumentos al precio de la luz en lo que resta de su administraci\u00f3n y el pr\u00f3ximo gobierno. \u201cCon esto ya garantizamos que en el tiempo que nos falta no hay aumento [&hellip;]<\/p>\n","protected":false},"author":4,"featured_media":24470,"comment_status":"open","ping_status":"open","sticky":false,"template":"","format":"standard","meta":{"om_disable_all_campaigns":false,"_monsterinsights_skip_tracking":false,"_monsterinsights_sitenote_active":false,"_monsterinsights_sitenote_note":"","_monsterinsights_sitenote_category":0,"footnotes":""},"categories":[176],"tags":[],"class_list":["post-24469","post","type-post","status-publish","format-standard","has-post-thumbnail","hentry","category-nacional"],"amp_enabled":true,"_links":{"self":[{"href":"https:\/\/lahora.mx\/index.php\/wp-json\/wp\/v2\/posts\/24469","targetHints":{"allow":["GET"]}}],"collection":[{"href":"https:\/\/lahora.mx\/index.php\/wp-json\/wp\/v2\/posts"}],"about":[{"href":"https:\/\/lahora.mx\/index.php\/wp-json\/wp\/v2\/types\/post"}],"author":[{"embeddable":true,"href":"https:\/\/lahora.mx\/index.php\/wp-json\/wp\/v2\/users\/4"}],"replies":[{"embeddable":true,"href":"https:\/\/lahora.mx\/index.php\/wp-json\/wp\/v2\/comments?post=24469"}],"version-history":[{"count":1,"href":"https:\/\/lahora.mx\/index.php\/wp-json\/wp\/v2\/posts\/24469\/revisions"}],"predecessor-version":[{"id":24471,"href":"https:\/\/lahora.mx\/index.php\/wp-json\/wp\/v2\/posts\/24469\/revisions\/24471"}],"wp:featuredmedia":[{"embeddable":true,"href":"https:\/\/lahora.mx\/index.php\/wp-json\/wp\/v2\/media\/24470"}],"wp:attachment":[{"href":"https:\/\/lahora.mx\/index.php\/wp-json\/wp\/v2\/media?parent=24469"}],"wp:term":[{"taxonomy":"category","embeddable":true,"href":"https:\/\/lahora.mx\/index.php\/wp-json\/wp\/v2\/categories?post=24469"},{"taxonomy":"post_tag","embeddable":true,"href":"https:\/\/lahora.mx\/index.php\/wp-json\/wp\/v2\/tags?post=24469"}],"curies":[{"name":"wp","href":"https:\/\/api.w.org\/{rel}","templated":true}]}}