{"id":24463,"date":"2023-04-05T17:49:38","date_gmt":"2023-04-05T17:49:38","guid":{"rendered":"http:\/\/lahora.mx\/?p=24463"},"modified":"2023-04-05T17:49:38","modified_gmt":"2023-04-05T17:49:38","slug":"inah-ya-avalo-construccion-de-nueva-sede-del-congreso","status":"publish","type":"post","link":"https:\/\/lahora.mx\/index.php\/2023\/04\/05\/inah-ya-avalo-construccion-de-nueva-sede-del-congreso\/","title":{"rendered":"INAH ya aval\u00f3 construcci\u00f3n de nueva sede del Congreso"},"content":{"rendered":"\n<p>El gobierno del estado ya recibi\u00f3 autorizaci\u00f3n por parte del INAH para empezar con la construcci\u00f3n de la nueva sede del Congreso del Estado, as\u00ed lo dio a conocer el gobernador Sergio Salom\u00f3n C\u00e9spedes.<\/p>\n\n\n\n<p>En rueda de prensa Salom\u00f3n C\u00e9spedes explic\u00f3 que el Instituto Nacional de Antropolog\u00eda e Historia hizo peque\u00f1os cambios al proyecto para la creaci\u00f3n de la nueva sede del poder legislativo del estado.<\/p>\n\n\n\n<p>Asimismo, mencion\u00f3 que con el aval del INAH espera que se pueda iniciar con la edificaci\u00f3n del nuevo Congreso, sin embargo omiti\u00f3 detallar cu\u00e1les ser\u00edan estas adecuaciones y cuando podr\u00eda iniciar la construcci\u00f3n.<\/p>\n\n\n\n<p>Hay que recordar que desde la administraci\u00f3n de Miguel Barbosa se ten\u00eda este plan para poder hacer una nueva sede del Congreso, por lo que C\u00e9spedes Peregrina le dio continuidad a la misma iniciativa.<\/p>\n","protected":false},"excerpt":{"rendered":"<p>El gobierno del estado ya recibi\u00f3 autorizaci\u00f3n por parte del INAH para empezar con la construcci\u00f3n de la nueva sede del Congreso del Estado, as\u00ed lo dio a conocer el gobernador Sergio Salom\u00f3n C\u00e9spedes. En rueda de prensa Salom\u00f3n C\u00e9spedes explic\u00f3 que el Instituto Nacional de Antropolog\u00eda e Historia hizo peque\u00f1os cambios al proyecto para [&hellip;]<\/p>\n","protected":false},"author":4,"featured_media":24464,"comment_status":"open","ping_status":"open","sticky":false,"template":"","format":"standard","meta":{"om_disable_all_campaigns":false,"_monsterinsights_skip_tracking":false,"_monsterinsights_sitenote_active":false,"_monsterinsights_sitenote_note":"","_monsterinsights_sitenote_category":0,"footnotes":""},"categories":[175],"tags":[223],"class_list":["post-24463","post","type-post","status-publish","format-standard","has-post-thumbnail","hentry","category-local","tag-puebla"],"amp_enabled":true,"_links":{"self":[{"href":"https:\/\/lahora.mx\/index.php\/wp-json\/wp\/v2\/posts\/24463","targetHints":{"allow":["GET"]}}],"collection":[{"href":"https:\/\/lahora.mx\/index.php\/wp-json\/wp\/v2\/posts"}],"about":[{"href":"https:\/\/lahora.mx\/index.php\/wp-json\/wp\/v2\/types\/post"}],"author":[{"embeddable":true,"href":"https:\/\/lahora.mx\/index.php\/wp-json\/wp\/v2\/users\/4"}],"replies":[{"embeddable":true,"href":"https:\/\/lahora.mx\/index.php\/wp-json\/wp\/v2\/comments?post=24463"}],"version-history":[{"count":1,"href":"https:\/\/lahora.mx\/index.php\/wp-json\/wp\/v2\/posts\/24463\/revisions"}],"predecessor-version":[{"id":24465,"href":"https:\/\/lahora.mx\/index.php\/wp-json\/wp\/v2\/posts\/24463\/revisions\/24465"}],"wp:featuredmedia":[{"embeddable":true,"href":"https:\/\/lahora.mx\/index.php\/wp-json\/wp\/v2\/media\/24464"}],"wp:attachment":[{"href":"https:\/\/lahora.mx\/index.php\/wp-json\/wp\/v2\/media?parent=24463"}],"wp:term":[{"taxonomy":"category","embeddable":true,"href":"https:\/\/lahora.mx\/index.php\/wp-json\/wp\/v2\/categories?post=24463"},{"taxonomy":"post_tag","embeddable":true,"href":"https:\/\/lahora.mx\/index.php\/wp-json\/wp\/v2\/tags?post=24463"}],"curies":[{"name":"wp","href":"https:\/\/api.w.org\/{rel}","templated":true}]}}