{"id":24454,"date":"2023-04-05T17:08:02","date_gmt":"2023-04-05T17:08:02","guid":{"rendered":"http:\/\/lahora.mx\/?p=24454"},"modified":"2023-04-05T17:08:03","modified_gmt":"2023-04-05T17:08:03","slug":"puebla-con-una-mala-calidad-de-aire-durante-semana-santa","status":"publish","type":"post","link":"https:\/\/lahora.mx\/index.php\/2023\/04\/05\/puebla-con-una-mala-calidad-de-aire-durante-semana-santa\/","title":{"rendered":"Puebla con una mala calidad de aire durante Semana Santa"},"content":{"rendered":"\n<p>La calidad de aire en la ciudad de Puebla y su zona metropolitana presenta malas condiciones, inform\u00f3 este mi\u00e9rcoles 5 de abril el subsecretario de Gobernaci\u00f3n estatal, Andr\u00e9s Villegas Mendoza.<\/p>\n\n\n\n<p>En rueda de prensa, el funcionario estatal indic\u00f3 que hay una fuerte presencia de part\u00edculas menores a 10 y 2.5 micr\u00f3metros nocivas para la salud, las cuales registran 118 y 135 puntos respectivamente en la capital de Puebla.<\/p>\n\n\n\n<p>Se\u00f1al\u00f3 que la calidad de ozono, di\u00f3xido de nitr\u00f3geno, mon\u00f3xido de carbono y di\u00f3xido de azufre son aceptables, sin embargo, hizo la recomendaci\u00f3n de no exponer a menores de edad y adultos mayores.<\/p>\n\n\n\n<p>\u00abMe permito informarles que la calidad de aire en la zona metropolitana de la ciudad de Puebla es mala (\u2026) se contin\u00faa con las recomendaciones de no exponer a los menores de edad y adultos mayores a realizar actividades al aire libre de no ser necesario\u00bb.<\/p>\n\n\n\n<p>Puebla registra cuatro incendios forestales en abril<br>Por otra parte, Villegas Mendoza mencion\u00f3 que en los primeros d\u00edas del mes de abril se registraron cuatro incendios forestales los cuales ya fueron controlados y liquidados.<\/p>\n\n\n\n<p>Detall\u00f3 que estos siniestros provocaron afectaciones a 79 hect\u00e1reas en los municipios de Tehuac\u00e1n (4 hect\u00e1reas), Tlalchichuca (25 hect\u00e1reas) Chignautla (30 hect\u00e1reas) y Aljojuca (20 hect\u00e1reas).<\/p>\n\n\n\n<p>Por ello, agradeci\u00f3 la labor del personal de Protecci\u00f3n Civil, as\u00ed como del Centro Estatal de Manejo de Fuegos y voluntarios que se sumaron a las tareas para el control de los incendios.<\/p>\n\n\n\n<p>Al respecto, el gobernador del estado, Sergio Salom\u00f3n C\u00e9spedes Peregrina, afirm\u00f3 que es la temporada de calor m\u00e1s alta, por lo que exhort\u00f3 a la poblaci\u00f3n a cuidar el agua.<\/p>\n\n\n\n<p>\u00abEntendamos que es la temporada m\u00e1s fuerte que tenemos hoy en d\u00eda en temas de clima, entonces hay que tener mucho cuidado y eso nos lleva tambi\u00e9n a pedirles que cuidemos el agua, es fundamental el tema del cuidado y manejo del agua, entendiendo la temporada en la que estamos\u00bb.<\/p>\n","protected":false},"excerpt":{"rendered":"<p>La calidad de aire en la ciudad de Puebla y su zona metropolitana presenta malas condiciones, inform\u00f3 este mi\u00e9rcoles 5 de abril el subsecretario de Gobernaci\u00f3n estatal, Andr\u00e9s Villegas Mendoza. En rueda de prensa, el funcionario estatal indic\u00f3 que hay una fuerte presencia de part\u00edculas menores a 10 y 2.5 micr\u00f3metros nocivas para la salud, [&hellip;]<\/p>\n","protected":false},"author":4,"featured_media":24455,"comment_status":"open","ping_status":"open","sticky":false,"template":"","format":"standard","meta":{"om_disable_all_campaigns":false,"_monsterinsights_skip_tracking":false,"_monsterinsights_sitenote_active":false,"_monsterinsights_sitenote_note":"","_monsterinsights_sitenote_category":0,"footnotes":""},"categories":[175],"tags":[195,223],"class_list":["post-24454","post","type-post","status-publish","format-standard","has-post-thumbnail","hentry","category-local","tag-principal","tag-puebla"],"amp_enabled":true,"_links":{"self":[{"href":"https:\/\/lahora.mx\/index.php\/wp-json\/wp\/v2\/posts\/24454","targetHints":{"allow":["GET"]}}],"collection":[{"href":"https:\/\/lahora.mx\/index.php\/wp-json\/wp\/v2\/posts"}],"about":[{"href":"https:\/\/lahora.mx\/index.php\/wp-json\/wp\/v2\/types\/post"}],"author":[{"embeddable":true,"href":"https:\/\/lahora.mx\/index.php\/wp-json\/wp\/v2\/users\/4"}],"replies":[{"embeddable":true,"href":"https:\/\/lahora.mx\/index.php\/wp-json\/wp\/v2\/comments?post=24454"}],"version-history":[{"count":1,"href":"https:\/\/lahora.mx\/index.php\/wp-json\/wp\/v2\/posts\/24454\/revisions"}],"predecessor-version":[{"id":24456,"href":"https:\/\/lahora.mx\/index.php\/wp-json\/wp\/v2\/posts\/24454\/revisions\/24456"}],"wp:featuredmedia":[{"embeddable":true,"href":"https:\/\/lahora.mx\/index.php\/wp-json\/wp\/v2\/media\/24455"}],"wp:attachment":[{"href":"https:\/\/lahora.mx\/index.php\/wp-json\/wp\/v2\/media?parent=24454"}],"wp:term":[{"taxonomy":"category","embeddable":true,"href":"https:\/\/lahora.mx\/index.php\/wp-json\/wp\/v2\/categories?post=24454"},{"taxonomy":"post_tag","embeddable":true,"href":"https:\/\/lahora.mx\/index.php\/wp-json\/wp\/v2\/tags?post=24454"}],"curies":[{"name":"wp","href":"https:\/\/api.w.org\/{rel}","templated":true}]}}