{"id":24441,"date":"2023-04-05T01:51:33","date_gmt":"2023-04-05T01:51:33","guid":{"rendered":"http:\/\/lahora.mx\/?p=24441"},"modified":"2023-04-05T01:51:33","modified_gmt":"2023-04-05T01:51:33","slug":"el-gobernador-sergio-salomon-encabezo-el-martes-ciudadano-en-casa-aguayo","status":"publish","type":"post","link":"https:\/\/lahora.mx\/index.php\/2023\/04\/05\/el-gobernador-sergio-salomon-encabezo-el-martes-ciudadano-en-casa-aguayo\/","title":{"rendered":"El gobernador Sergio Salom\u00f3n encabez\u00f3 el \u00abMartes Ciudadano\u00bb en Casa Aguayo"},"content":{"rendered":"\n<p>Como parte de un gobierno presente y cercano a la gente, el titular del Ejecutivo, Sergio Salom\u00f3n encabez\u00f3 el \u00abMartes Ciudadano\u00bb en Casa Aguayo, donde escuch\u00f3 y atendi\u00f3 a las y los poblanos de manera directa.<\/p>\n\n\n\n<p>El gobernador recibi\u00f3 diversas peticiones ciudadanas, entre las que destacan orientaciones legales, beneficios ortop\u00e9dicos y asesor\u00edas.<\/p>\n\n\n\n<p>De esta manera, el mandatario estatal ratifica su compromiso de consolidar un gobierno presente, que atiende las demandas de las y los ciudadanos.<\/p>\n\n\n\n<p>En esta jornada participaron el consejero jur\u00eddico, Jonathan \u00c1valos Mel\u00e9ndez, as\u00ed como personal del \u00e1rea de Atenci\u00f3n Ciudadana<\/p>\n","protected":false},"excerpt":{"rendered":"<p>Como parte de un gobierno presente y cercano a la gente, el titular del Ejecutivo, Sergio Salom\u00f3n encabez\u00f3 el \u00abMartes Ciudadano\u00bb en Casa Aguayo, donde escuch\u00f3 y atendi\u00f3 a las y los poblanos de manera directa. El gobernador recibi\u00f3 diversas peticiones ciudadanas, entre las que destacan orientaciones legales, beneficios ortop\u00e9dicos y asesor\u00edas. De esta manera, [&hellip;]<\/p>\n","protected":false},"author":4,"featured_media":24442,"comment_status":"open","ping_status":"open","sticky":false,"template":"","format":"standard","meta":{"om_disable_all_campaigns":false,"_monsterinsights_skip_tracking":false,"_monsterinsights_sitenote_active":false,"_monsterinsights_sitenote_note":"","_monsterinsights_sitenote_category":0,"footnotes":""},"categories":[175],"tags":[223],"class_list":["post-24441","post","type-post","status-publish","format-standard","has-post-thumbnail","hentry","category-local","tag-puebla"],"amp_enabled":true,"_links":{"self":[{"href":"https:\/\/lahora.mx\/index.php\/wp-json\/wp\/v2\/posts\/24441","targetHints":{"allow":["GET"]}}],"collection":[{"href":"https:\/\/lahora.mx\/index.php\/wp-json\/wp\/v2\/posts"}],"about":[{"href":"https:\/\/lahora.mx\/index.php\/wp-json\/wp\/v2\/types\/post"}],"author":[{"embeddable":true,"href":"https:\/\/lahora.mx\/index.php\/wp-json\/wp\/v2\/users\/4"}],"replies":[{"embeddable":true,"href":"https:\/\/lahora.mx\/index.php\/wp-json\/wp\/v2\/comments?post=24441"}],"version-history":[{"count":1,"href":"https:\/\/lahora.mx\/index.php\/wp-json\/wp\/v2\/posts\/24441\/revisions"}],"predecessor-version":[{"id":24443,"href":"https:\/\/lahora.mx\/index.php\/wp-json\/wp\/v2\/posts\/24441\/revisions\/24443"}],"wp:featuredmedia":[{"embeddable":true,"href":"https:\/\/lahora.mx\/index.php\/wp-json\/wp\/v2\/media\/24442"}],"wp:attachment":[{"href":"https:\/\/lahora.mx\/index.php\/wp-json\/wp\/v2\/media?parent=24441"}],"wp:term":[{"taxonomy":"category","embeddable":true,"href":"https:\/\/lahora.mx\/index.php\/wp-json\/wp\/v2\/categories?post=24441"},{"taxonomy":"post_tag","embeddable":true,"href":"https:\/\/lahora.mx\/index.php\/wp-json\/wp\/v2\/tags?post=24441"}],"curies":[{"name":"wp","href":"https:\/\/api.w.org\/{rel}","templated":true}]}}